{"id":13708,"date":"2019-08-07T18:22:00","date_gmt":"2019-08-07T21:22:00","guid":{"rendered":"http:\/\/www.ifbaiano.edu.br\/unidades\/lapa\/?p=13708"},"modified":"2019-08-07T18:22:00","modified_gmt":"2019-08-07T21:22:00","slug":"resultado-final-do-processo-seletivo-para-cursos-fic-edital-85-2019","status":"publish","type":"post","link":"https:\/\/www.ifbaiano.edu.br\/unidades\/lapa\/2019\/08\/07\/resultado-final-do-processo-seletivo-para-cursos-fic-edital-85-2019\/","title":{"rendered":"Resultado Final do Processo Seletivo para cursos FIC, Edital 85\/2019"},"content":{"rendered":"\n<p style=\"text-align:justify\">A comiss\u00e3o local do processo seletivo para cursos FIC 2019.2, designada pela Portaria 44 de&nbsp;04 de julho&nbsp;de 2019, torna p\u00fablico o resultado final.&nbsp;<\/p><p style=\"text-align:justify\"><strong style=\"text-transform:uppercase\">Acessem o Resultado por curso:<\/strong><\/p><p style=\"text-align:justify\">Canto Coral (<a rel=\"noreferrer noopener\" aria-label=\"ACESSEM AQUI (abre numa nova aba)\" href=\"http:\/\/www.ifbaiano.edu.br\/unidades\/lapa\/files\/2019\/08\/RESULTADO_-FINAL_-_CANTO_CORAL.pdf\" target=\"_blank\">ACESSEM AQUI<\/a>)<br>Te\u00f3rico-Pr\u00e1tico de Licita\u00e7\u00f5es &#8211; turma 12 a 15 de agosto de 2019&nbsp;&nbsp;(<a rel=\"noreferrer noopener\" aria-label=\"ACESSEM AQUI (abre numa nova aba)\" href=\"http:\/\/www.ifbaiano.edu.br\/unidades\/lapa\/files\/2019\/08\/RESULTADO_FINAL_-_TEORICO_PRATICO_DE_LICITACAO_-_12_A_15.pdf\" target=\"_blank\">ACESSEM AQUI<\/a>)<br>Te\u00f3rico-Pr\u00e1tico de Licita\u00e7\u00f5es &#8211; turma 16 e 17 de agosto de 2019&nbsp;&nbsp;&nbsp;(<a href=\"http:\/\/www.ifbaiano.edu.br\/unidades\/lapa\/files\/2019\/08\/RESULTADO_FINAL_-_TEORICO_PRATICO_DE_LICITACAO_-_16_E_17_DE_AGOSTO.pdf\" target=\"_blank\" rel=\"noreferrer noopener\" aria-label=\"ACESSEM AQUI (abre numa nova aba)\">ACESSEM AQUI<\/a>)<br>Projeto de Redes de Computadores Residenciais&nbsp;&nbsp;(<a rel=\"noreferrer noopener\" aria-label=\"ACESSEM AQUI (abre numa nova aba)\" href=\"http:\/\/www.ifbaiano.edu.br\/unidades\/lapa\/files\/2019\/08\/RESULTADO_FINAL_REDES_DE_COMPUTADORES.pdf\" target=\"_blank\">ACESSEM AQUI<\/a>)<br \/>Pr\u00e1tica de Conjunto instrumental e forma\u00e7\u00e3o musical&nbsp;&nbsp;&nbsp;(<a rel=\"noreferrer noopener\" aria-label=\"ACESSEM AQUI (abre numa nova aba)\" href=\"http:\/\/www.ifbaiano.edu.br\/unidades\/lapa\/files\/2019\/08\/RESULTADO_FINAL_-_PRATICA_DE_CONJUNTO_INSTRUMENTAL.pdf\" target=\"_blank\">ACESSEM AQUI<\/a>)<br \/>Flauta Doce&nbsp;&nbsp;&nbsp;(<a rel=\"noreferrer noopener\" aria-label=\"ACESSEM AQUI (abre numa nova aba)\" href=\"http:\/\/www.ifbaiano.edu.br\/unidades\/lapa\/files\/2019\/08\/RESULTADO_FINAL_-_FLAUTA-DOCE.pdf\" target=\"_blank\">ACESSEM AQUI<\/a>)<\/p><p style=\"text-align:justify\"><strong>Nota sobre o in\u00edcio das aulas:<\/strong>\n\n\n\n<li><strong>Canto Coral<\/strong>&nbsp;&#8211;&nbsp;05 de setembro&nbsp;&#8211; 12:30 h (meio dia e meia)<\/li><li><strong>Pr\u00e1tica de Conjunto Instrumental<\/strong>&nbsp;&#8211;&nbsp;06 de setembro&nbsp;&#8211; 08:00 h<\/li><li><strong>Projeto de Redes de Computadores Residenciais<\/strong>&nbsp;&#8211;&nbsp;21 de agosto&nbsp;&#8211; 19:15 h<\/li><li><strong>Te\u00f3rico-Pr\u00e1tico de Licita\u00e7\u00f5es<\/strong>&nbsp;&#8211; turma 12 a&nbsp;15 de agosto&nbsp;de 2019- 19 h<\/li><li><strong>Te\u00f3rico-Pr\u00e1tico de Licita\u00e7\u00f5es<\/strong>&nbsp;&#8211; turma 16 e&nbsp;17 de agosto&nbsp;de 2019 &#8211; 08:00 h<\/li><li><strong>Flauta Doce<\/strong>: curso com oferta cancelada, em raz\u00e3o de n\u00e3o&nbsp;ter&nbsp;havido inscritos<\/li><\/p>\n\n\n\n<p style=\"text-align:left\"><p style=\"text-align:justify\"><strong>Observa\u00e7\u00e3o<\/strong>:&nbsp;Caso os selecionados desistam das vagas, solicitamos formalizar atrav\u00e9s do e-mail&nbsp;&nbsp;extensao@lapa.ifbaiano.edu.br, a fim de viabilizar a vaga para os candidatos em lista de espera.<br><\/p><\/p>\n","protected":false},"excerpt":{"rendered":"<p>A comiss\u00e3o local do processo seletivo para cursos FIC 2019.2, designada pela Portaria 44 de&nbsp;04 de julho&nbsp;de 2019, torna p\u00fablico o resultado final.&nbsp; Acessem o Resultado por curso: Canto Coral (ACESSEM AQUI)Te\u00f3rico-Pr\u00e1tico de Licita\u00e7\u00f5es &#8211; turma 12 a 15 de agosto de 2019&nbsp;&nbsp;(ACESSEM AQUI)Te\u00f3rico-Pr\u00e1tico de Licita\u00e7\u00f5es &#8211; turma 16 e 17 de agosto de 2019&nbsp;&nbsp;&nbsp;(ACESSEM [&hellip;]<\/p>\n","protected":false},"author":100,"featured_media":0,"comment_status":"open","ping_status":"open","sticky":false,"template":"","format":"standard","meta":[],"categories":[34,64,24,40,73,65],"tags":[],"_links":{"self":[{"href":"https:\/\/www.ifbaiano.edu.br\/unidades\/lapa\/wp-json\/wp\/v2\/posts\/13708"}],"collection":[{"href":"https:\/\/www.ifbaiano.edu.br\/unidades\/lapa\/wp-json\/wp\/v2\/posts"}],"about":[{"href":"https:\/\/www.ifbaiano.edu.br\/unidades\/lapa\/wp-json\/wp\/v2\/types\/post"}],"author":[{"embeddable":true,"href":"https:\/\/www.ifbaiano.edu.br\/unidades\/lapa\/wp-json\/wp\/v2\/users\/100"}],"replies":[{"embeddable":true,"href":"https:\/\/www.ifbaiano.edu.br\/unidades\/lapa\/wp-json\/wp\/v2\/comments?post=13708"}],"version-history":[{"count":13,"href":"https:\/\/www.ifbaiano.edu.br\/unidades\/lapa\/wp-json\/wp\/v2\/posts\/13708\/revisions"}],"predecessor-version":[{"id":13727,"href":"https:\/\/www.ifbaiano.edu.br\/unidades\/lapa\/wp-json\/wp\/v2\/posts\/13708\/revisions\/13727"}],"wp:attachment":[{"href":"https:\/\/www.ifbaiano.edu.br\/unidades\/lapa\/wp-json\/wp\/v2\/media?parent=13708"}],"wp:term":[{"taxonomy":"category","embeddable":true,"href":"https:\/\/www.ifbaiano.edu.br\/unidades\/lapa\/wp-json\/wp\/v2\/categories?post=13708"},{"taxonomy":"post_tag","embeddable":true,"href":"https:\/\/www.ifbaiano.edu.br\/unidades\/lapa\/wp-json\/wp\/v2\/tags?post=13708"}],"curies":[{"name":"wp","href":"https:\/\/api.w.org\/{rel}","templated":true}]}}