{"id":1374,"date":"2013-09-02T12:36:51","date_gmt":"2013-09-02T14:36:51","guid":{"rendered":"http:\/\/www.ifbaiano.edu.br\/unidades\/lapa\/?p=1374"},"modified":"2013-09-02T12:38:37","modified_gmt":"2013-09-02T14:38:37","slug":"professores-representam-if-baiano-em-coloquios-do-museu-pedagogico-vitoria-da-conquista","status":"publish","type":"post","link":"https:\/\/www.ifbaiano.edu.br\/unidades\/lapa\/2013\/09\/02\/professores-representam-if-baiano-em-coloquios-do-museu-pedagogico-vitoria-da-conquista\/","title":{"rendered":"Professores representam IF Baiano em Col\u00f3quios do Museu Pedag\u00f3gico &#8211; Vit\u00f3ria da Conquista"},"content":{"rendered":"<p><a href=\"http:\/\/www.ifbaiano.edu.br\/unidades\/lapa\/files\/2013\/09\/foto.png\"><br \/>\n<\/a>Evento aconteceu nos dias 28, 29 e 30 de agosto, na UESB.<\/p>\n<p><!--more--><\/p>\n<p>Professores Est\u00e1cio Moreira da Silva e Irma M\u00e1rcia Veloso Ledo do IF Baiano Campus Bom Jesus da Lapa participaram do X COL\u00d3QUIO NACIONAL e III COL\u00d3QUIO INTERNACIONAL DO MUSEU PEDAG\u00d3GICO \u201cProdu\u00e7\u00e3o do conhecimento no limiar do s\u00e9culo XXI: tend\u00eancias e conflitos\u201d e apresentaram artigo intitulado A POLITICA EDUCACIONAL NA REFORMA DO CURR\u00cdCULO DO CURSO T\u00c9CNICO EM AGROPECU\u00c1RIA, nos dias 28, 29 e 30\/08 do corrente ano na Universidade Estadual do Sudoeste da Bahia em Vit\u00f3ria da Conquista-BA.<\/p>\n<p>&nbsp;<\/p>\n<p><a href=\"http:\/\/www.ifbaiano.edu.br\/unidades\/lapa\/files\/2013\/09\/foto.png\"><img decoding=\"async\" loading=\"lazy\" class=\"aligncenter size-medium wp-image-1376\" src=\"http:\/\/www.ifbaiano.edu.br\/unidades\/lapa\/files\/2013\/09\/foto-300x173.png\" alt=\"\" width=\"300\" height=\"173\" srcset=\"https:\/\/www.ifbaiano.edu.br\/unidades\/lapa\/files\/2013\/09\/foto-300x173.png 300w, https:\/\/www.ifbaiano.edu.br\/unidades\/lapa\/files\/2013\/09\/foto-400x231.png 400w, https:\/\/www.ifbaiano.edu.br\/unidades\/lapa\/files\/2013\/09\/foto.png 469w\" sizes=\"(max-width: 300px) 100vw, 300px\" \/><\/a><\/p>\n","protected":false},"excerpt":{"rendered":"<p>Evento aconteceu nos dias 28, 29 e 30 de agosto, na UESB.<\/p>\n","protected":false},"author":41,"featured_media":0,"comment_status":"open","ping_status":"open","sticky":false,"template":"","format":"standard","meta":[],"categories":[1],"tags":[],"_links":{"self":[{"href":"https:\/\/www.ifbaiano.edu.br\/unidades\/lapa\/wp-json\/wp\/v2\/posts\/1374"}],"collection":[{"href":"https:\/\/www.ifbaiano.edu.br\/unidades\/lapa\/wp-json\/wp\/v2\/posts"}],"about":[{"href":"https:\/\/www.ifbaiano.edu.br\/unidades\/lapa\/wp-json\/wp\/v2\/types\/post"}],"author":[{"embeddable":true,"href":"https:\/\/www.ifbaiano.edu.br\/unidades\/lapa\/wp-json\/wp\/v2\/users\/41"}],"replies":[{"embeddable":true,"href":"https:\/\/www.ifbaiano.edu.br\/unidades\/lapa\/wp-json\/wp\/v2\/comments?post=1374"}],"version-history":[{"count":3,"href":"https:\/\/www.ifbaiano.edu.br\/unidades\/lapa\/wp-json\/wp\/v2\/posts\/1374\/revisions"}],"predecessor-version":[{"id":1378,"href":"https:\/\/www.ifbaiano.edu.br\/unidades\/lapa\/wp-json\/wp\/v2\/posts\/1374\/revisions\/1378"}],"wp:attachment":[{"href":"https:\/\/www.ifbaiano.edu.br\/unidades\/lapa\/wp-json\/wp\/v2\/media?parent=1374"}],"wp:term":[{"taxonomy":"category","embeddable":true,"href":"https:\/\/www.ifbaiano.edu.br\/unidades\/lapa\/wp-json\/wp\/v2\/categories?post=1374"},{"taxonomy":"post_tag","embeddable":true,"href":"https:\/\/www.ifbaiano.edu.br\/unidades\/lapa\/wp-json\/wp\/v2\/tags?post=1374"}],"curies":[{"name":"wp","href":"https:\/\/api.w.org\/{rel}","templated":true}]}}