{"id":13785,"date":"2019-08-09T15:53:47","date_gmt":"2019-08-09T18:53:47","guid":{"rendered":"http:\/\/www.ifbaiano.edu.br\/unidades\/lapa\/?p=13785"},"modified":"2019-08-09T15:56:32","modified_gmt":"2019-08-09T18:56:32","slug":"convite-para-o-inicio-das-atividades-do-curso-fic-teorico-pratico-de-licitacoes","status":"publish","type":"post","link":"https:\/\/www.ifbaiano.edu.br\/unidades\/lapa\/2019\/08\/09\/convite-para-o-inicio-das-atividades-do-curso-fic-teorico-pratico-de-licitacoes\/","title":{"rendered":"Convite para o in\u00edcio das atividades do Curso FIC Te\u00f3rico-Pr\u00e1tico de Licita\u00e7\u00f5es"},"content":{"rendered":"\n<p style=\"text-align:justify\">\n\nConvidamos os estudantes selecionados para o in\u00edcio das atividades do curso de Forma\u00e7\u00e3o Continuada Te\u00f3rico-Pr\u00e1tico de Licita\u00e7\u00f5es, conforme convite a seguir.<br><\/p>\n\n\n\n<figure class=\"wp-block-image\"><img decoding=\"async\" loading=\"lazy\" width=\"1280\" height=\"720\" src=\"http:\/\/www.ifbaiano.edu.br\/unidades\/lapa\/files\/2019\/08\/Convite_-_teorico_de_licitacao_-_FIC.jpg\" alt=\"\" class=\"wp-image-13786\" \/><\/figure>\n\n\n\n<p>Fonte: Coordena\u00e7\u00e3o de Extens\u00e3o<\/p>\n","protected":false},"excerpt":{"rendered":"<p>Convidamos os estudantes selecionados para o in\u00edcio das atividades do curso de Forma\u00e7\u00e3o Continuada Te\u00f3rico-Pr\u00e1tico de Licita\u00e7\u00f5es, conforme convite a seguir. Fonte: Coordena\u00e7\u00e3o de Extens\u00e3o<\/p>\n","protected":false},"author":100,"featured_media":13786,"comment_status":"open","ping_status":"open","sticky":false,"template":"","format":"standard","meta":[],"categories":[64,39,24,40,65],"tags":[],"_links":{"self":[{"href":"https:\/\/www.ifbaiano.edu.br\/unidades\/lapa\/wp-json\/wp\/v2\/posts\/13785"}],"collection":[{"href":"https:\/\/www.ifbaiano.edu.br\/unidades\/lapa\/wp-json\/wp\/v2\/posts"}],"about":[{"href":"https:\/\/www.ifbaiano.edu.br\/unidades\/lapa\/wp-json\/wp\/v2\/types\/post"}],"author":[{"embeddable":true,"href":"https:\/\/www.ifbaiano.edu.br\/unidades\/lapa\/wp-json\/wp\/v2\/users\/100"}],"replies":[{"embeddable":true,"href":"https:\/\/www.ifbaiano.edu.br\/unidades\/lapa\/wp-json\/wp\/v2\/comments?post=13785"}],"version-history":[{"count":2,"href":"https:\/\/www.ifbaiano.edu.br\/unidades\/lapa\/wp-json\/wp\/v2\/posts\/13785\/revisions"}],"predecessor-version":[{"id":13788,"href":"https:\/\/www.ifbaiano.edu.br\/unidades\/lapa\/wp-json\/wp\/v2\/posts\/13785\/revisions\/13788"}],"wp:featuredmedia":[{"embeddable":true,"href":"https:\/\/www.ifbaiano.edu.br\/unidades\/lapa\/wp-json\/wp\/v2\/media\/13786"}],"wp:attachment":[{"href":"https:\/\/www.ifbaiano.edu.br\/unidades\/lapa\/wp-json\/wp\/v2\/media?parent=13785"}],"wp:term":[{"taxonomy":"category","embeddable":true,"href":"https:\/\/www.ifbaiano.edu.br\/unidades\/lapa\/wp-json\/wp\/v2\/categories?post=13785"},{"taxonomy":"post_tag","embeddable":true,"href":"https:\/\/www.ifbaiano.edu.br\/unidades\/lapa\/wp-json\/wp\/v2\/tags?post=13785"}],"curies":[{"name":"wp","href":"https:\/\/api.w.org\/{rel}","templated":true}]}}