{"id":13843,"date":"2019-08-15T17:05:44","date_gmt":"2019-08-15T20:05:44","guid":{"rendered":"http:\/\/www.ifbaiano.edu.br\/unidades\/lapa\/?p=13843"},"modified":"2019-08-15T19:58:33","modified_gmt":"2019-08-15T22:58:33","slug":"vagas-remanescentes-para-cursos-de-formacao-continuada","status":"publish","type":"post","link":"https:\/\/www.ifbaiano.edu.br\/unidades\/lapa\/2019\/08\/15\/vagas-remanescentes-para-cursos-de-formacao-continuada\/","title":{"rendered":"Vagas remanescentes para cursos de Forma\u00e7\u00e3o Continuada"},"content":{"rendered":"\n<p style=\"text-align:left\"><p style=\"text-align:justify\">\n\nInformamos o quantitativo das vagas remanescentes do Processo Seletivo para ingresso de estudantes nos cursos de Qualifica\u00e7\u00e3o Profissional, na modalidade de Forma\u00e7\u00e3o Continuada, regido pelo Edital n\u00b0 85, de&nbsp;12 de julho&nbsp;de 2019 e suas retifica\u00e7\u00f5es, do IF Baiano \u2013 Campus Bom Jesus da Lapa, conforme arquivo em anexo.<br>As matr\u00edculas dever\u00e3o ser efetivadas no per\u00edodo de 19 a&nbsp;21 de agosto&nbsp;de 2019, na secretaria acad\u00eamica do Campus Bom Jesus da Lapa.\n\n<\/p><\/p>\n\n\n\n<div><a href=\"http:\/\/www.ifbaiano.edu.br\/unidades\/lapa\/files\/2019\/08\/Nota-Informativa-02-2019.pdf\" target=\"_blank\" rel=\"noopener noreferrer\">Nota Informativa 02\/2019<\/a><\/div>\n\n\n\n<div><a href=\"http:\/\/www.ifbaiano.edu.br\/unidades\/lapa\/files\/2019\/08\/Nota-Informativa-03-2019-Edital-85-2019.pdf\" target=\"_blank\" rel=\"noopener noreferrer\">Nota Informativa 03\/2019 <\/a><\/div>\n","protected":false},"excerpt":{"rendered":"<p>Informamos o quantitativo das vagas remanescentes do Processo Seletivo para ingresso de estudantes nos cursos de Qualifica\u00e7\u00e3o Profissional, na modalidade de Forma\u00e7\u00e3o Continuada, regido pelo Edital n\u00b0 85, de&nbsp;12 de julho&nbsp;de 2019 e suas retifica\u00e7\u00f5es, do IF Baiano \u2013 Campus Bom Jesus da Lapa, conforme arquivo em anexo.As matr\u00edculas dever\u00e3o ser efetivadas no per\u00edodo de [&hellip;]<\/p>\n","protected":false},"author":100,"featured_media":0,"comment_status":"open","ping_status":"open","sticky":false,"template":"","format":"standard","meta":[],"categories":[64,24,40,73,65],"tags":[],"_links":{"self":[{"href":"https:\/\/www.ifbaiano.edu.br\/unidades\/lapa\/wp-json\/wp\/v2\/posts\/13843"}],"collection":[{"href":"https:\/\/www.ifbaiano.edu.br\/unidades\/lapa\/wp-json\/wp\/v2\/posts"}],"about":[{"href":"https:\/\/www.ifbaiano.edu.br\/unidades\/lapa\/wp-json\/wp\/v2\/types\/post"}],"author":[{"embeddable":true,"href":"https:\/\/www.ifbaiano.edu.br\/unidades\/lapa\/wp-json\/wp\/v2\/users\/100"}],"replies":[{"embeddable":true,"href":"https:\/\/www.ifbaiano.edu.br\/unidades\/lapa\/wp-json\/wp\/v2\/comments?post=13843"}],"version-history":[{"count":5,"href":"https:\/\/www.ifbaiano.edu.br\/unidades\/lapa\/wp-json\/wp\/v2\/posts\/13843\/revisions"}],"predecessor-version":[{"id":13872,"href":"https:\/\/www.ifbaiano.edu.br\/unidades\/lapa\/wp-json\/wp\/v2\/posts\/13843\/revisions\/13872"}],"wp:attachment":[{"href":"https:\/\/www.ifbaiano.edu.br\/unidades\/lapa\/wp-json\/wp\/v2\/media?parent=13843"}],"wp:term":[{"taxonomy":"category","embeddable":true,"href":"https:\/\/www.ifbaiano.edu.br\/unidades\/lapa\/wp-json\/wp\/v2\/categories?post=13843"},{"taxonomy":"post_tag","embeddable":true,"href":"https:\/\/www.ifbaiano.edu.br\/unidades\/lapa\/wp-json\/wp\/v2\/tags?post=13843"}],"curies":[{"name":"wp","href":"https:\/\/api.w.org\/{rel}","templated":true}]}}