{"id":1387,"date":"2013-09-12T19:04:41","date_gmt":"2013-09-12T21:04:41","guid":{"rendered":"http:\/\/www.ifbaiano.edu.br\/unidades\/lapa\/?p=1387"},"modified":"2013-09-12T19:04:41","modified_gmt":"2013-09-12T21:04:41","slug":"publicado-edital-de-eleicao-de-representantes-de-turmas","status":"publish","type":"post","link":"https:\/\/www.ifbaiano.edu.br\/unidades\/lapa\/2013\/09\/12\/publicado-edital-de-eleicao-de-representantes-de-turmas\/","title":{"rendered":"Publicado Edital de Elei\u00e7\u00e3o de Representantes de Turmas"},"content":{"rendered":"<p>Inscri\u00e7\u00f5es abertas nos dias 16 e 17 de setembro.<\/p>\n<p><!--more--><\/p>\n<p>&nbsp;<\/p>\n<p>A Dire\u00e7\u00e3o Geral do Campus Bom Jesus da Lapa torna p\u00fablico o Edital 05\/2013, para escolha dos representantes de turmas das turmas do M\u00f3dulo I.<\/p>\n<p>&nbsp;<\/p>\n<p>Clique <a href=\"http:\/\/www.ifbaiano.edu.br\/unidades\/lapa\/files\/2013\/09\/edital_gremio.pdf\">aqui<\/a> e acesse o Edital.<\/p>\n<p>&nbsp;<\/p>\n<p>&nbsp;<\/p>\n","protected":false},"excerpt":{"rendered":"<p>Inscri\u00e7\u00f5es abertas nos dias 16 e 17 de setembro.<\/p>\n","protected":false},"author":41,"featured_media":0,"comment_status":"open","ping_status":"open","sticky":false,"template":"","format":"standard","meta":[],"categories":[30],"tags":[],"_links":{"self":[{"href":"https:\/\/www.ifbaiano.edu.br\/unidades\/lapa\/wp-json\/wp\/v2\/posts\/1387"}],"collection":[{"href":"https:\/\/www.ifbaiano.edu.br\/unidades\/lapa\/wp-json\/wp\/v2\/posts"}],"about":[{"href":"https:\/\/www.ifbaiano.edu.br\/unidades\/lapa\/wp-json\/wp\/v2\/types\/post"}],"author":[{"embeddable":true,"href":"https:\/\/www.ifbaiano.edu.br\/unidades\/lapa\/wp-json\/wp\/v2\/users\/41"}],"replies":[{"embeddable":true,"href":"https:\/\/www.ifbaiano.edu.br\/unidades\/lapa\/wp-json\/wp\/v2\/comments?post=1387"}],"version-history":[{"count":1,"href":"https:\/\/www.ifbaiano.edu.br\/unidades\/lapa\/wp-json\/wp\/v2\/posts\/1387\/revisions"}],"predecessor-version":[{"id":1389,"href":"https:\/\/www.ifbaiano.edu.br\/unidades\/lapa\/wp-json\/wp\/v2\/posts\/1387\/revisions\/1389"}],"wp:attachment":[{"href":"https:\/\/www.ifbaiano.edu.br\/unidades\/lapa\/wp-json\/wp\/v2\/media?parent=1387"}],"wp:term":[{"taxonomy":"category","embeddable":true,"href":"https:\/\/www.ifbaiano.edu.br\/unidades\/lapa\/wp-json\/wp\/v2\/categories?post=1387"},{"taxonomy":"post_tag","embeddable":true,"href":"https:\/\/www.ifbaiano.edu.br\/unidades\/lapa\/wp-json\/wp\/v2\/tags?post=1387"}],"curies":[{"name":"wp","href":"https:\/\/api.w.org\/{rel}","templated":true}]}}