{"id":1392,"date":"2013-09-18T15:53:37","date_gmt":"2013-09-18T17:53:37","guid":{"rendered":"http:\/\/www.ifbaiano.edu.br\/unidades\/lapa\/?p=1392"},"modified":"2013-09-18T15:57:24","modified_gmt":"2013-09-18T17:57:24","slug":"campus-lapa-realiza-a-solenidade-de-comemoracao-dos-5-anos-de-implantacao-do-instituto-federal-baiano","status":"publish","type":"post","link":"https:\/\/www.ifbaiano.edu.br\/unidades\/lapa\/2013\/09\/18\/campus-lapa-realiza-a-solenidade-de-comemoracao-dos-5-anos-de-implantacao-do-instituto-federal-baiano\/","title":{"rendered":"Campus Lapa realiza a solenidade de comemora\u00e7\u00e3o dos 5 anos de implanta\u00e7\u00e3o do Instituto Federal Baiano"},"content":{"rendered":"<p>O evento acontecer\u00e1 dia 19 de Setembro.<!--more--><\/p>\n<p>O Campus Bom Jesus da Lapa tem a honra de convid\u00e1-los para participar da solenidade de comemora\u00e7\u00e3o dos 5 anos de implanta\u00e7\u00e3o do IF Baiano, a ser realizada no dia 19 de setembro de 2013, na sede pedag\u00f3gica do Campus, situada na av. Agenor Magalh\u00e3es, S\/N (IF Baiano-Cenfor), com in\u00edcio \u00e0s o8h:15min.<a href=\"http:\/\/www.ifbaiano.edu.br\/unidades\/lapa\/files\/2013\/09\/convite.jpg\"><img decoding=\"async\" loading=\"lazy\" class=\"size-medium wp-image-1394 alignright\" src=\"http:\/\/www.ifbaiano.edu.br\/unidades\/lapa\/files\/2013\/09\/convite-300x257.jpg\" alt=\"\" width=\"300\" height=\"257\" srcset=\"https:\/\/www.ifbaiano.edu.br\/unidades\/lapa\/files\/2013\/09\/convite-300x257.jpg 300w, https:\/\/www.ifbaiano.edu.br\/unidades\/lapa\/files\/2013\/09\/convite-400x343.jpg 400w, https:\/\/www.ifbaiano.edu.br\/unidades\/lapa\/files\/2013\/09\/convite.jpg 676w\" sizes=\"(max-width: 300px) 100vw, 300px\" \/><\/a><\/p>\n<p>Para este momento, contamos com a presen\u00e7a de todos os alunos do campus, docentes e equipe t\u00e9cnico administrativa.<\/p>\n<p>&nbsp;<\/p>\n<p>Confira o cronograma do evento <a href=\"http:\/\/www.ifbaiano.edu.br\/unidades\/lapa\/files\/2013\/09\/Folder-DIA-D.pdf\" target=\"_blank\">clicando aqui<\/a>.<\/p>\n<p>&nbsp;<\/p>\n<p>Sua presen\u00e7a \u00e9 muito importante para este momento.<\/p>\n<p>&nbsp;<\/p>\n<p>Fonte: Comiss\u00e3o de Organiza\u00e7\u00e3o do Dia &#8220;D&#8221;.<\/p>\n","protected":false},"excerpt":{"rendered":"<p>O evento acontecer\u00e1 dia 19 de Setembro.<\/p>\n","protected":false},"author":41,"featured_media":0,"comment_status":"open","ping_status":"open","sticky":false,"template":"","format":"standard","meta":[],"categories":[24,1],"tags":[],"_links":{"self":[{"href":"https:\/\/www.ifbaiano.edu.br\/unidades\/lapa\/wp-json\/wp\/v2\/posts\/1392"}],"collection":[{"href":"https:\/\/www.ifbaiano.edu.br\/unidades\/lapa\/wp-json\/wp\/v2\/posts"}],"about":[{"href":"https:\/\/www.ifbaiano.edu.br\/unidades\/lapa\/wp-json\/wp\/v2\/types\/post"}],"author":[{"embeddable":true,"href":"https:\/\/www.ifbaiano.edu.br\/unidades\/lapa\/wp-json\/wp\/v2\/users\/41"}],"replies":[{"embeddable":true,"href":"https:\/\/www.ifbaiano.edu.br\/unidades\/lapa\/wp-json\/wp\/v2\/comments?post=1392"}],"version-history":[{"count":5,"href":"https:\/\/www.ifbaiano.edu.br\/unidades\/lapa\/wp-json\/wp\/v2\/posts\/1392\/revisions"}],"predecessor-version":[{"id":1398,"href":"https:\/\/www.ifbaiano.edu.br\/unidades\/lapa\/wp-json\/wp\/v2\/posts\/1392\/revisions\/1398"}],"wp:attachment":[{"href":"https:\/\/www.ifbaiano.edu.br\/unidades\/lapa\/wp-json\/wp\/v2\/media?parent=1392"}],"wp:term":[{"taxonomy":"category","embeddable":true,"href":"https:\/\/www.ifbaiano.edu.br\/unidades\/lapa\/wp-json\/wp\/v2\/categories?post=1392"},{"taxonomy":"post_tag","embeddable":true,"href":"https:\/\/www.ifbaiano.edu.br\/unidades\/lapa\/wp-json\/wp\/v2\/tags?post=1392"}],"curies":[{"name":"wp","href":"https:\/\/api.w.org\/{rel}","templated":true}]}}