{"id":13960,"date":"2019-08-20T10:52:35","date_gmt":"2019-08-20T13:52:35","guid":{"rendered":"http:\/\/www.ifbaiano.edu.br\/unidades\/lapa\/?p=13960"},"modified":"2019-08-20T11:01:04","modified_gmt":"2019-08-20T14:01:04","slug":"if-lapa-realizara-o-i-simposio-de-didatica-e-educacao-matematica","status":"publish","type":"post","link":"https:\/\/www.ifbaiano.edu.br\/unidades\/lapa\/2019\/08\/20\/if-lapa-realizara-o-i-simposio-de-didatica-e-educacao-matematica\/","title":{"rendered":"IF Lapa realizar\u00e1 o I Simp\u00f3sio de Did\u00e1tica e Educa\u00e7\u00e3o Matem\u00e1tica"},"content":{"rendered":"\n<figure class=\"wp-block-image\"><img decoding=\"async\" loading=\"lazy\" width=\"668\" height=\"475\" src=\"http:\/\/www.ifbaiano.edu.br\/unidades\/lapa\/files\/2019\/08\/cartaz-do-simp\u00f3sio-ss.jpg\" alt=\"I Simp\u00f3sio de Did\u00e1tica e Educa\u00e7\u00e3o Matem\u00e1tica\" class=\"wp-image-13962\" \/><\/figure>\n\n\n\n<p>O I Simp\u00f3sio de Did\u00e1tica e Educa\u00e7\u00e3o Matem\u00e1tica, com o tema &#8220;Concep\u00e7\u00f5es te\u00f3ricas e pr\u00e1ticas para a aprendizagem da Matem\u00e1tica&#8221;, \u00e9 uma iniciativa da turma 2019.1 da Especializa\u00e7\u00e3o&nbsp;<em>lato sensu<\/em>&nbsp;em Educa\u00e7\u00e3o Matem\u00e1tica do IF Baiano\/<em>Campus&nbsp;<\/em>Bom Jesus da Lapa. O evento apresentar\u00e1 os resultados de discuss\u00f5es e atividades realizadas no I semestre letivo do programa. O p\u00fablico alvo&nbsp;ter\u00e1 a oportunidade de dialogar com os p\u00f3s-graduandos sobre a no\u00e7\u00e3o de Transposi\u00e7\u00e3o Did\u00e1tica, Contrato Did\u00e1tico, Obst\u00e1culo epistemol\u00f3gico, Situa\u00e7\u00f5es Did\u00e1ticas, Registro de Representa\u00e7\u00e3o e Teoria dos Campos Conceituais no ensino da Matem\u00e1tica. Durante as discuss\u00f5es, os estudantes-pesquisadores da Educa\u00e7\u00e3o Matem\u00e1tica estabelecer\u00e3o um paralelo entre estes elementos da did\u00e1tica e as orienta\u00e7\u00f5es pr\u00e1ticas para a aprendizagem matem\u00e1tica em sala de aula.<br><\/p>\n\n\n\n<p><strong>Data:<\/strong>&nbsp;21 de setembro&nbsp;de 2019<strong><br>Local:&nbsp;<\/strong>Sala de aula 08 \u2013 IF Baiano\/<em>Campus&nbsp;<\/em>Bom Jesus da Lapa<strong><br>Hor\u00e1rio:&nbsp;<\/strong>das 8:00 \u00e0s 12:00<strong><br>P\u00fablico alvo:&nbsp;<\/strong>professores(as) da educa\u00e7\u00e3o b\u00e1sica e estudantes de gradua\u00e7\u00e3o em geral<\/p>\n\n\n\n<p>Link para inscri\u00e7\u00e3o:\u00a0<a rel=\"noreferrer noopener\" href=\"https:\/\/docs.google.com\/forms\/d\/e\/1FAIpQLScvM_fVF5XemkNYXZud3PsIJj4rIrb_E6HY2aATv5mT-gdb4A\/viewform?fbclid=IwAR3HYaM85A-SKk8kVvBtJwMUJ9UiuOdS__uoez_8CSgZqvjPkFGZ0U7cSzU\" target=\"_blank\">https:\/\/docs.google.com\/forms\/d\/e\/1FAIpQLScvM_fVF5XemkNYXZud3PsIJj4rIrb_E6HY2aATv5mT-gdb4A\/viewform?fbclid=IwAR3HYaM85A-SKk8kVvBtJwMUJ9UiuOdS__uoez_8CSgZqvjPkFGZ0U7cSzU<\/a><\/p>\n\n\n\n<p><strong>Programa\u00e7\u00e3o:<\/strong><\/p>\n\n\n\n<p><strong><\/strong>Credenciamento<br> Abertura<br> Mensagem Inicial <br> Caf\u00e9 com prosa<br> Mesa-redonda: &#8220;Did\u00e1tica e Educa\u00e7\u00e3o Matem\u00e1tica: concep\u00e7\u00f5es te\u00f3ricas e pr\u00e1ticas para a aprendizagem em sala de aula&#8221;<br>Di\u00e1logos entrecruzados<br> Estandes: &#8220;Educa\u00e7\u00e3o Matem\u00e1tica e a utiliza\u00e7\u00e3o de material concreto em sala de aula&#8221;<br> Avalia\u00e7\u00e3o do encontro<br> Aceno<\/p>\n","protected":false},"excerpt":{"rendered":"<p>O I Simp\u00f3sio de Did\u00e1tica e Educa\u00e7\u00e3o Matem\u00e1tica, com o tema &#8220;Concep\u00e7\u00f5es te\u00f3ricas e pr\u00e1ticas para a aprendizagem da Matem\u00e1tica&#8221;, \u00e9 uma iniciativa da turma 2019.1 da Especializa\u00e7\u00e3o&nbsp;lato sensu&nbsp;em Educa\u00e7\u00e3o Matem\u00e1tica do IF Baiano\/Campus&nbsp;Bom Jesus da Lapa. O evento apresentar\u00e1 os resultados de discuss\u00f5es e atividades realizadas no I semestre letivo do programa. O p\u00fablico [&hellip;]<\/p>\n","protected":false},"author":100,"featured_media":13962,"comment_status":"open","ping_status":"open","sticky":false,"template":"","format":"standard","meta":[],"categories":[64,71,24,65],"tags":[],"_links":{"self":[{"href":"https:\/\/www.ifbaiano.edu.br\/unidades\/lapa\/wp-json\/wp\/v2\/posts\/13960"}],"collection":[{"href":"https:\/\/www.ifbaiano.edu.br\/unidades\/lapa\/wp-json\/wp\/v2\/posts"}],"about":[{"href":"https:\/\/www.ifbaiano.edu.br\/unidades\/lapa\/wp-json\/wp\/v2\/types\/post"}],"author":[{"embeddable":true,"href":"https:\/\/www.ifbaiano.edu.br\/unidades\/lapa\/wp-json\/wp\/v2\/users\/100"}],"replies":[{"embeddable":true,"href":"https:\/\/www.ifbaiano.edu.br\/unidades\/lapa\/wp-json\/wp\/v2\/comments?post=13960"}],"version-history":[{"count":6,"href":"https:\/\/www.ifbaiano.edu.br\/unidades\/lapa\/wp-json\/wp\/v2\/posts\/13960\/revisions"}],"predecessor-version":[{"id":13968,"href":"https:\/\/www.ifbaiano.edu.br\/unidades\/lapa\/wp-json\/wp\/v2\/posts\/13960\/revisions\/13968"}],"wp:featuredmedia":[{"embeddable":true,"href":"https:\/\/www.ifbaiano.edu.br\/unidades\/lapa\/wp-json\/wp\/v2\/media\/13962"}],"wp:attachment":[{"href":"https:\/\/www.ifbaiano.edu.br\/unidades\/lapa\/wp-json\/wp\/v2\/media?parent=13960"}],"wp:term":[{"taxonomy":"category","embeddable":true,"href":"https:\/\/www.ifbaiano.edu.br\/unidades\/lapa\/wp-json\/wp\/v2\/categories?post=13960"},{"taxonomy":"post_tag","embeddable":true,"href":"https:\/\/www.ifbaiano.edu.br\/unidades\/lapa\/wp-json\/wp\/v2\/tags?post=13960"}],"curies":[{"name":"wp","href":"https:\/\/api.w.org\/{rel}","templated":true}]}}