{"id":13972,"date":"2019-08-21T08:00:12","date_gmt":"2019-08-21T11:00:12","guid":{"rendered":"http:\/\/www.ifbaiano.edu.br\/unidades\/lapa\/?p=13972"},"modified":"2019-09-16T15:09:08","modified_gmt":"2019-09-16T18:09:08","slug":"inicio-das-atividades-do-curso-fic-redes-de-computadores-residenciais","status":"publish","type":"post","link":"https:\/\/www.ifbaiano.edu.br\/unidades\/lapa\/2019\/08\/21\/inicio-das-atividades-do-curso-fic-redes-de-computadores-residenciais\/","title":{"rendered":"In\u00edcio das atividades do curso FIC Redes de Computadores Residenciais"},"content":{"rendered":"\n<p style=\"text-align:right\"><p style=\"text-align:justify\">Comunicamos que em virtude da paralisa\u00e7\u00e3o do transporte coletivo alternativo e dos preju\u00edzos dela decorrentes, as aulas do curso FIC Projeto de Redes de Computadores Residenciais ter\u00e3o in\u00edcio no dia 28 de agosto, \u00e0s 19 e 30, conforme nota abaixo.<\/p><\/p>\n\n\n\n<figure class=\"wp-block-image\"><img decoding=\"async\" loading=\"lazy\" width=\"771\" height=\"720\" src=\"http:\/\/www.ifbaiano.edu.br\/unidades\/lapa\/files\/2019\/08\/Inicio_FIC_Redes_Computadores_Residenciais.jpeg\" alt=\"\" class=\"wp-image-13973\" \/><\/figure>\n\n\n\n<p>Fonte: Coordena\u00e7\u00e3o de Extens\u00e3o<\/p>\n","protected":false},"excerpt":{"rendered":"<p>Comunicamos que em virtude da paralisa\u00e7\u00e3o do transporte coletivo alternativo e dos preju\u00edzos dela decorrentes, as aulas do curso FIC Projeto de Redes de Computadores Residenciais ter\u00e3o in\u00edcio no dia 28 de agosto, \u00e0s 19 e 30, conforme nota abaixo. Fonte: Coordena\u00e7\u00e3o de Extens\u00e3o<\/p>\n","protected":false},"author":100,"featured_media":13973,"comment_status":"open","ping_status":"open","sticky":false,"template":"","format":"standard","meta":[],"categories":[24,40,65],"tags":[],"_links":{"self":[{"href":"https:\/\/www.ifbaiano.edu.br\/unidades\/lapa\/wp-json\/wp\/v2\/posts\/13972"}],"collection":[{"href":"https:\/\/www.ifbaiano.edu.br\/unidades\/lapa\/wp-json\/wp\/v2\/posts"}],"about":[{"href":"https:\/\/www.ifbaiano.edu.br\/unidades\/lapa\/wp-json\/wp\/v2\/types\/post"}],"author":[{"embeddable":true,"href":"https:\/\/www.ifbaiano.edu.br\/unidades\/lapa\/wp-json\/wp\/v2\/users\/100"}],"replies":[{"embeddable":true,"href":"https:\/\/www.ifbaiano.edu.br\/unidades\/lapa\/wp-json\/wp\/v2\/comments?post=13972"}],"version-history":[{"count":3,"href":"https:\/\/www.ifbaiano.edu.br\/unidades\/lapa\/wp-json\/wp\/v2\/posts\/13972\/revisions"}],"predecessor-version":[{"id":14203,"href":"https:\/\/www.ifbaiano.edu.br\/unidades\/lapa\/wp-json\/wp\/v2\/posts\/13972\/revisions\/14203"}],"wp:featuredmedia":[{"embeddable":true,"href":"https:\/\/www.ifbaiano.edu.br\/unidades\/lapa\/wp-json\/wp\/v2\/media\/13973"}],"wp:attachment":[{"href":"https:\/\/www.ifbaiano.edu.br\/unidades\/lapa\/wp-json\/wp\/v2\/media?parent=13972"}],"wp:term":[{"taxonomy":"category","embeddable":true,"href":"https:\/\/www.ifbaiano.edu.br\/unidades\/lapa\/wp-json\/wp\/v2\/categories?post=13972"},{"taxonomy":"post_tag","embeddable":true,"href":"https:\/\/www.ifbaiano.edu.br\/unidades\/lapa\/wp-json\/wp\/v2\/tags?post=13972"}],"curies":[{"name":"wp","href":"https:\/\/api.w.org\/{rel}","templated":true}]}}