{"id":13981,"date":"2019-08-21T11:39:05","date_gmt":"2019-08-21T14:39:05","guid":{"rendered":"http:\/\/www.ifbaiano.edu.br\/unidades\/lapa\/?p=13981"},"modified":"2019-09-16T15:08:44","modified_gmt":"2019-09-16T18:08:44","slug":"campus-bom-jesus-da-lapa-realizara-seminario-sobre-desenvolvimento-da-citricultura-na-regiao-de-bom-jesus-da-lapa","status":"publish","type":"post","link":"https:\/\/www.ifbaiano.edu.br\/unidades\/lapa\/2019\/08\/21\/campus-bom-jesus-da-lapa-realizara-seminario-sobre-desenvolvimento-da-citricultura-na-regiao-de-bom-jesus-da-lapa\/","title":{"rendered":"Campus Bom Jesus da Lapa realizar\u00e1 Semin\u00e1rio sobre Desenvolvimento da Citricultura na regi\u00e3o de Bom Jesus da Lapa"},"content":{"rendered":"\n<p style=\"text-align:justify\">\n\nNo pr\u00f3ximo dia&nbsp;29 de agosto&nbsp;de 2019, o Campus Bom Jesus da Lapa realizar\u00e1, em parceria com a Embrapa, o Semin\u00e1rio sobre Desenvolvimento da Citricultura na regi\u00e3o de Bom Jesus da Lapa. O evento busca debater o potencial da citricultura como atividade de destacada import\u00e2ncia social e econ\u00f4mica, apresentando novas variedades copas e porta-enxertos, bem como t\u00e9cnicas de manejo e produ\u00e7\u00e3o.A programa\u00e7\u00e3o \u00e9 composta de palestras e Dia de Campo, abordando: Variedades porta-enxerto de citros; variedades copa de citros; o viveiro e a muda como promotores de pomares rent\u00e1veis; Implanta\u00e7\u00e3o do pomar c\u00edtrico; risco de introdu\u00e7\u00e3o de doen\u00e7as por meio de mudas c\u00edtricas; resultado da ado\u00e7\u00e3o de novas variedades copas e porta-enxertos em pomares citr\u00edcolas (atividade espec\u00edfica do dia de campo).<br><strong>P\u00fablico-alvo<\/strong>: alunos de gradua\u00e7\u00e3o do Campus Bom Jesus da Lapa, cursando a partir do 5\u00ba semestre; produtores e empres\u00e1rios do setor agropecu\u00e1rio da regi\u00e3o; agr\u00f4nomos e extensionistas do territ\u00f3rio de abrang\u00eancia do campus.&nbsp;<br><strong>Sele\u00e7\u00e3o de monitores:<\/strong>&nbsp;Na ocasi\u00e3o das inscri\u00e7\u00f5es, ser\u00e3o selecionados 10 monitores, cujo pr\u00e9-requisito \u00e9 ser aluno de gradua\u00e7\u00e3o do Campus (independente do semestre).<br><strong>Per\u00edodo das inscri\u00e7\u00f5es<\/strong>: 21 a&nbsp;26 de agosto&nbsp;de 2019<\/p>\n\n\n\n<p><p style=\"text-align:justify\"><strong>INSCRI\u00c7\u00d5ES DE PARTICIPANTES<\/strong>:&nbsp;<a target=\"_blank\" href=\"https:\/\/forms.gle\/4mt72V6A7Ljmv3Tv8\" rel=\"noreferrer noopener\">https:\/\/forms.gle\/4mt72V6A7Ljmv3Tv8<\/a><br><strong>INSCRI\u00c7\u00c3O DE MONITORES<\/strong>:&nbsp;<a target=\"_blank\" href=\"https:\/\/forms.gle\/EYsxTvtB1YS6D47s5\" rel=\"noreferrer noopener\">https:\/\/forms.gle\/EYsxTvtB1YS6D47s5<\/a><br><\/p><\/p>\n\n\n\n<div class=\"wp-block-image\"><figure class=\"alignleft\"><img decoding=\"async\" loading=\"lazy\" width=\"570\" height=\"737\" src=\"http:\/\/www.ifbaiano.edu.br\/unidades\/lapa\/files\/2019\/08\/cartaz.jpg\" alt=\"\" class=\"wp-image-13985\" \/><figcaption> <br><strong style=\"text-align:justify\">Semin\u00e1rio sobre Desenvolvimento da Citricultura na regi\u00e3o de Bom Jesus da Lapa<\/strong> <\/figcaption><\/figure><\/div>\n\n\n\n<div class=\"wp-block-image\"><figure class=\"alignleft\"><img decoding=\"async\" loading=\"lazy\" width=\"570\" height=\"737\" src=\"http:\/\/www.ifbaiano.edu.br\/unidades\/lapa\/files\/2019\/08\/programa\u00e7\u00e3o.jpg\" alt=\"\" class=\"wp-image-13986\" \/><figcaption> <br><strong>&nbsp;Semin\u00e1rio sobre Desenvolvimento da Citricultura na regi\u00e3o de Bom Jesus da Lapa<\/strong> <\/figcaption><\/figure><\/div>\n\n\n\n<p><\/p>\n","protected":false},"excerpt":{"rendered":"<p>No pr\u00f3ximo dia&nbsp;29 de agosto&nbsp;de 2019, o Campus Bom Jesus da Lapa realizar\u00e1, em parceria com a Embrapa, o Semin\u00e1rio sobre Desenvolvimento da Citricultura na regi\u00e3o de Bom Jesus da Lapa. O evento busca debater o potencial da citricultura como atividade de destacada import\u00e2ncia social e econ\u00f4mica, apresentando novas variedades copas e porta-enxertos, bem como [&hellip;]<\/p>\n","protected":false},"author":100,"featured_media":13985,"comment_status":"open","ping_status":"open","sticky":false,"template":"","format":"standard","meta":[],"categories":[39,24,65],"tags":[],"_links":{"self":[{"href":"https:\/\/www.ifbaiano.edu.br\/unidades\/lapa\/wp-json\/wp\/v2\/posts\/13981"}],"collection":[{"href":"https:\/\/www.ifbaiano.edu.br\/unidades\/lapa\/wp-json\/wp\/v2\/posts"}],"about":[{"href":"https:\/\/www.ifbaiano.edu.br\/unidades\/lapa\/wp-json\/wp\/v2\/types\/post"}],"author":[{"embeddable":true,"href":"https:\/\/www.ifbaiano.edu.br\/unidades\/lapa\/wp-json\/wp\/v2\/users\/100"}],"replies":[{"embeddable":true,"href":"https:\/\/www.ifbaiano.edu.br\/unidades\/lapa\/wp-json\/wp\/v2\/comments?post=13981"}],"version-history":[{"count":8,"href":"https:\/\/www.ifbaiano.edu.br\/unidades\/lapa\/wp-json\/wp\/v2\/posts\/13981\/revisions"}],"predecessor-version":[{"id":13992,"href":"https:\/\/www.ifbaiano.edu.br\/unidades\/lapa\/wp-json\/wp\/v2\/posts\/13981\/revisions\/13992"}],"wp:featuredmedia":[{"embeddable":true,"href":"https:\/\/www.ifbaiano.edu.br\/unidades\/lapa\/wp-json\/wp\/v2\/media\/13985"}],"wp:attachment":[{"href":"https:\/\/www.ifbaiano.edu.br\/unidades\/lapa\/wp-json\/wp\/v2\/media?parent=13981"}],"wp:term":[{"taxonomy":"category","embeddable":true,"href":"https:\/\/www.ifbaiano.edu.br\/unidades\/lapa\/wp-json\/wp\/v2\/categories?post=13981"},{"taxonomy":"post_tag","embeddable":true,"href":"https:\/\/www.ifbaiano.edu.br\/unidades\/lapa\/wp-json\/wp\/v2\/tags?post=13981"}],"curies":[{"name":"wp","href":"https:\/\/api.w.org\/{rel}","templated":true}]}}