{"id":14047,"date":"2019-08-27T16:16:00","date_gmt":"2019-08-27T19:16:00","guid":{"rendered":"http:\/\/www.ifbaiano.edu.br\/unidades\/lapa\/?p=14047"},"modified":"2019-09-16T15:08:14","modified_gmt":"2019-09-16T18:08:14","slug":"relacao-de-monitores-selecionados-para-seminario-e-dia-de-campo-sobre-desenvolvimento-da-citricultura-na-regiao-de-bom-jesus-da-lapa","status":"publish","type":"post","link":"https:\/\/www.ifbaiano.edu.br\/unidades\/lapa\/2019\/08\/27\/relacao-de-monitores-selecionados-para-seminario-e-dia-de-campo-sobre-desenvolvimento-da-citricultura-na-regiao-de-bom-jesus-da-lapa\/","title":{"rendered":"Rela\u00e7\u00e3o de monitores selecionados para Semin\u00e1rio e Dia de Campo sobre Desenvolvimento da citricultura na regi\u00e3o de Bom Jesus da Lapa"},"content":{"rendered":"\n<p style=\"text-align:center\"><p style=\"text-align:justify\"> A Diretoria Acad\u00eamica torna p\u00fablica a rela\u00e7\u00e3o de monitores selecionados para atuar no Semin\u00e1rio e Dia de Campo sobre o desenvolvimento da citricultura na regi\u00e3o de Bom Jesus da Lapa. Em tempo, comunica que realizar\u00e1 uma reuni\u00e3o com todos os selecionados amanh\u00e3, 28 de agosto de 2019, no hor\u00e1rio das 12:30 \u00e1s 13:30 no audit\u00f3rio do Campus. <\/p><\/p>\n\n\n\n<div class=\"wp-block-file\"><a href=\"http:\/\/www.ifbaiano.edu.br\/unidades\/lapa\/files\/2019\/08\/monitores-inscritos.pdf\" target=\"_blank\" rel=\"noopener noreferrer\">Monitores Inscritos<\/a><\/div>\n","protected":false},"excerpt":{"rendered":"<p>A Diretoria Acad\u00eamica torna p\u00fablica a rela\u00e7\u00e3o de monitores selecionados para atuar no Semin\u00e1rio e Dia de Campo sobre o desenvolvimento da citricultura na regi\u00e3o de Bom Jesus da Lapa. Em tempo, comunica que realizar\u00e1 uma reuni\u00e3o com todos os selecionados amanh\u00e3, 28 de agosto de 2019, no hor\u00e1rio das 12:30 \u00e1s 13:30 no audit\u00f3rio [&hellip;]<\/p>\n","protected":false},"author":100,"featured_media":0,"comment_status":"open","ping_status":"open","sticky":false,"template":"","format":"standard","meta":[],"categories":[34,24,40,65],"tags":[],"_links":{"self":[{"href":"https:\/\/www.ifbaiano.edu.br\/unidades\/lapa\/wp-json\/wp\/v2\/posts\/14047"}],"collection":[{"href":"https:\/\/www.ifbaiano.edu.br\/unidades\/lapa\/wp-json\/wp\/v2\/posts"}],"about":[{"href":"https:\/\/www.ifbaiano.edu.br\/unidades\/lapa\/wp-json\/wp\/v2\/types\/post"}],"author":[{"embeddable":true,"href":"https:\/\/www.ifbaiano.edu.br\/unidades\/lapa\/wp-json\/wp\/v2\/users\/100"}],"replies":[{"embeddable":true,"href":"https:\/\/www.ifbaiano.edu.br\/unidades\/lapa\/wp-json\/wp\/v2\/comments?post=14047"}],"version-history":[{"count":2,"href":"https:\/\/www.ifbaiano.edu.br\/unidades\/lapa\/wp-json\/wp\/v2\/posts\/14047\/revisions"}],"predecessor-version":[{"id":14202,"href":"https:\/\/www.ifbaiano.edu.br\/unidades\/lapa\/wp-json\/wp\/v2\/posts\/14047\/revisions\/14202"}],"wp:attachment":[{"href":"https:\/\/www.ifbaiano.edu.br\/unidades\/lapa\/wp-json\/wp\/v2\/media?parent=14047"}],"wp:term":[{"taxonomy":"category","embeddable":true,"href":"https:\/\/www.ifbaiano.edu.br\/unidades\/lapa\/wp-json\/wp\/v2\/categories?post=14047"},{"taxonomy":"post_tag","embeddable":true,"href":"https:\/\/www.ifbaiano.edu.br\/unidades\/lapa\/wp-json\/wp\/v2\/tags?post=14047"}],"curies":[{"name":"wp","href":"https:\/\/api.w.org\/{rel}","templated":true}]}}