{"id":14057,"date":"2019-08-29T13:30:54","date_gmt":"2019-08-29T16:30:54","guid":{"rendered":"http:\/\/www.ifbaiano.edu.br\/unidades\/lapa\/?p=14057"},"modified":"2019-09-16T15:07:58","modified_gmt":"2019-09-16T18:07:58","slug":"atividade-formativa-com-a-turma-do-curso-de-informatica-subsequente-do-turno-noturno","status":"publish","type":"post","link":"https:\/\/www.ifbaiano.edu.br\/unidades\/lapa\/2019\/08\/29\/atividade-formativa-com-a-turma-do-curso-de-informatica-subsequente-do-turno-noturno\/","title":{"rendered":"Atividade formativa com a turma do Curso de Inform\u00e1tica Subsequente do turno noturno"},"content":{"rendered":"\n<p style=\"text-align:right\"><p style=\"text-align:justify\"> No dia\u00a026 de agosto, em uma a\u00e7\u00e3o articulada entre o Nuape &#8211; N\u00facleo de Apoio de Perman\u00eancia e \u00caxito do estudante e a CAE &#8211; Coordena\u00e7\u00e3o de Assuntos Estudantis, foi realizada uma atividade formativa com a turma do Curso de Inform\u00e1tica Subsequente do turno noturno. A atividade teve como objetivo debater &#8220;A constru\u00e7\u00e3o do perfil profissional do T\u00e9cnico em Inform\u00e1tica&#8221; e foi conduzido por Victor Ramon dos Santos Cruz formado em An\u00e1lises e Desenvolvimento de Sistemas. Durante o evento, que tamb\u00e9m foi acompanhado pelo Coordenado do curso, Prof\u00ba Hudson Barros e pelo docente Prof\u00ba Marcelo West, os estudantes levantaram v\u00e1rios questionamentos e puderam refletir sobre a sua pr\u00f3pria atua\u00e7\u00e3o no \u00e2mbito do curso.\u00a0<\/p><\/p>\n\n\n\n<ul class=\"wp-block-gallery columns-3 is-cropped wp-block-gallery-1 is-layout-flex\"><li class=\"blocks-gallery-item\"><figure><img decoding=\"async\" src=\"http:\/\/www.ifbaiano.edu.br\/unidades\/lapa\/files\/2019\/08\/Atividade_Subsequente_Noturno-6.jpeg\" alt=\"\" data-id=\"14069\" data-link=\"http:\/\/www.ifbaiano.edu.br\/unidades\/lapa\/?attachment_id=14069\" class=\"wp-image-14069\" \/><\/figure><\/li><li class=\"blocks-gallery-item\"><figure><img decoding=\"async\" loading=\"lazy\" width=\"959\" height=\"1280\" src=\"http:\/\/www.ifbaiano.edu.br\/unidades\/lapa\/files\/2019\/08\/Atividade_Subsequente_Noturno-1.jpeg\" alt=\"\" data-id=\"14086\" data-link=\"http:\/\/www.ifbaiano.edu.br\/unidades\/lapa\/atividade_subsequente_noturno-1\/\" class=\"wp-image-14086\" \/><\/figure><\/li><li class=\"blocks-gallery-item\"><figure><img decoding=\"async\" loading=\"lazy\" width=\"1040\" height=\"780\" src=\"http:\/\/www.ifbaiano.edu.br\/unidades\/lapa\/files\/2019\/08\/Atividade_Subsequente_Noturno-7.jpeg\" alt=\"\" data-id=\"14068\" data-link=\"http:\/\/www.ifbaiano.edu.br\/unidades\/lapa\/?attachment_id=14068\" class=\"wp-image-14068\" \/><\/figure><\/li><li class=\"blocks-gallery-item\"><figure><img decoding=\"async\" src=\"http:\/\/www.ifbaiano.edu.br\/unidades\/lapa\/files\/2019\/08\/Atividade_Subsequente_Noturno-10.jpeg\" alt=\"\" data-id=\"14067\" data-link=\"http:\/\/www.ifbaiano.edu.br\/unidades\/lapa\/?attachment_id=14067\" class=\"wp-image-14067\" \/><\/figure><\/li><li class=\"blocks-gallery-item\"><figure><img decoding=\"async\" loading=\"lazy\" width=\"959\" height=\"1280\" src=\"http:\/\/www.ifbaiano.edu.br\/unidades\/lapa\/files\/2019\/08\/Atividade_Subsequente_Noturno-16.jpeg\" alt=\"\" data-id=\"14085\" data-link=\"http:\/\/www.ifbaiano.edu.br\/unidades\/lapa\/atividade_subsequente_noturno-16\/\" class=\"wp-image-14085\" \/><\/figure><\/li><li class=\"blocks-gallery-item\"><figure><img decoding=\"async\" loading=\"lazy\" width=\"1040\" height=\"780\" src=\"http:\/\/www.ifbaiano.edu.br\/unidades\/lapa\/files\/2019\/08\/Atividade_Subsequente_Noturno-5.jpeg\" alt=\"\" data-id=\"14066\" data-link=\"http:\/\/www.ifbaiano.edu.br\/unidades\/lapa\/?attachment_id=14066\" class=\"wp-image-14066\" \/><\/figure><\/li><li class=\"blocks-gallery-item\"><figure><img decoding=\"async\" loading=\"lazy\" width=\"959\" height=\"1280\" src=\"http:\/\/www.ifbaiano.edu.br\/unidades\/lapa\/files\/2019\/08\/Atividade_Subsequente_Noturno-17.jpeg\" alt=\"\" data-id=\"14078\" data-link=\"http:\/\/www.ifbaiano.edu.br\/unidades\/lapa\/?attachment_id=14078\" class=\"wp-image-14078\" \/><\/figure><\/li><li class=\"blocks-gallery-item\"><figure><img decoding=\"async\" loading=\"lazy\" width=\"959\" height=\"1280\" src=\"http:\/\/www.ifbaiano.edu.br\/unidades\/lapa\/files\/2019\/08\/Atividade_Subsequente_Noturno-15.jpeg\" alt=\"\" data-id=\"14084\" data-link=\"http:\/\/www.ifbaiano.edu.br\/unidades\/lapa\/atividade_subsequente_noturno-15\/\" class=\"wp-image-14084\" \/><\/figure><\/li><li class=\"blocks-gallery-item\"><figure><img decoding=\"async\" loading=\"lazy\" width=\"1040\" height=\"780\" src=\"http:\/\/www.ifbaiano.edu.br\/unidades\/lapa\/files\/2019\/08\/Atividade_Subsequente_Noturno-3.jpeg\" alt=\"\" data-id=\"14064\" data-link=\"http:\/\/www.ifbaiano.edu.br\/unidades\/lapa\/?attachment_id=14064\" class=\"wp-image-14064\" \/><\/figure><\/li><li class=\"blocks-gallery-item\"><figure><img decoding=\"async\" loading=\"lazy\" width=\"959\" height=\"1280\" src=\"http:\/\/www.ifbaiano.edu.br\/unidades\/lapa\/files\/2019\/08\/Atividade_Subsequente_Noturno-14.jpeg\" alt=\"\" data-id=\"14075\" data-link=\"http:\/\/www.ifbaiano.edu.br\/unidades\/lapa\/?attachment_id=14075\" class=\"wp-image-14075\" \/><\/figure><\/li><li class=\"blocks-gallery-item\"><figure><img decoding=\"async\" loading=\"lazy\" width=\"780\" height=\"1040\" src=\"http:\/\/www.ifbaiano.edu.br\/unidades\/lapa\/files\/2019\/08\/Atividade_Subsequente_Noturno-2.jpeg\" alt=\"\" data-id=\"14063\" data-link=\"http:\/\/www.ifbaiano.edu.br\/unidades\/lapa\/?attachment_id=14063\" class=\"wp-image-14063\" \/><\/figure><\/li><li class=\"blocks-gallery-item\"><figure><img decoding=\"async\" loading=\"lazy\" width=\"1040\" height=\"780\" src=\"http:\/\/www.ifbaiano.edu.br\/unidades\/lapa\/files\/2019\/08\/Atividade_Subsequente_Noturno-11.jpeg\" alt=\"\" data-id=\"14072\" data-link=\"http:\/\/www.ifbaiano.edu.br\/unidades\/lapa\/?attachment_id=14072\" class=\"wp-image-14072\" \/><\/figure><\/li><li class=\"blocks-gallery-item\"><figure><img decoding=\"async\" src=\"http:\/\/www.ifbaiano.edu.br\/unidades\/lapa\/files\/2019\/08\/Atividade_Subsequente_Noturno-8.jpeg\" alt=\"\" data-id=\"14071\" data-link=\"http:\/\/www.ifbaiano.edu.br\/unidades\/lapa\/?attachment_id=14071\" class=\"wp-image-14071\" \/><\/figure><\/li><\/ul>\n","protected":false},"excerpt":{"rendered":"<p>No dia\u00a026 de agosto, em uma a\u00e7\u00e3o articulada entre o Nuape &#8211; N\u00facleo de Apoio de Perman\u00eancia e \u00caxito do estudante e a CAE &#8211; Coordena\u00e7\u00e3o de Assuntos Estudantis, foi realizada uma atividade formativa com a turma do Curso de Inform\u00e1tica Subsequente do turno noturno. A atividade teve como objetivo debater &#8220;A constru\u00e7\u00e3o do perfil [&hellip;]<\/p>\n","protected":false},"author":100,"featured_media":14067,"comment_status":"open","ping_status":"open","sticky":false,"template":"","format":"standard","meta":[],"categories":[24,69,65],"tags":[],"_links":{"self":[{"href":"https:\/\/www.ifbaiano.edu.br\/unidades\/lapa\/wp-json\/wp\/v2\/posts\/14057"}],"collection":[{"href":"https:\/\/www.ifbaiano.edu.br\/unidades\/lapa\/wp-json\/wp\/v2\/posts"}],"about":[{"href":"https:\/\/www.ifbaiano.edu.br\/unidades\/lapa\/wp-json\/wp\/v2\/types\/post"}],"author":[{"embeddable":true,"href":"https:\/\/www.ifbaiano.edu.br\/unidades\/lapa\/wp-json\/wp\/v2\/users\/100"}],"replies":[{"embeddable":true,"href":"https:\/\/www.ifbaiano.edu.br\/unidades\/lapa\/wp-json\/wp\/v2\/comments?post=14057"}],"version-history":[{"count":3,"href":"https:\/\/www.ifbaiano.edu.br\/unidades\/lapa\/wp-json\/wp\/v2\/posts\/14057\/revisions"}],"predecessor-version":[{"id":14092,"href":"https:\/\/www.ifbaiano.edu.br\/unidades\/lapa\/wp-json\/wp\/v2\/posts\/14057\/revisions\/14092"}],"wp:featuredmedia":[{"embeddable":true,"href":"https:\/\/www.ifbaiano.edu.br\/unidades\/lapa\/wp-json\/wp\/v2\/media\/14067"}],"wp:attachment":[{"href":"https:\/\/www.ifbaiano.edu.br\/unidades\/lapa\/wp-json\/wp\/v2\/media?parent=14057"}],"wp:term":[{"taxonomy":"category","embeddable":true,"href":"https:\/\/www.ifbaiano.edu.br\/unidades\/lapa\/wp-json\/wp\/v2\/categories?post=14057"},{"taxonomy":"post_tag","embeddable":true,"href":"https:\/\/www.ifbaiano.edu.br\/unidades\/lapa\/wp-json\/wp\/v2\/tags?post=14057"}],"curies":[{"name":"wp","href":"https:\/\/api.w.org\/{rel}","templated":true}]}}