{"id":14101,"date":"2019-08-30T07:37:07","date_gmt":"2019-08-30T10:37:07","guid":{"rendered":"http:\/\/www.ifbaiano.edu.br\/unidades\/lapa\/?p=14101"},"modified":"2019-09-16T15:07:32","modified_gmt":"2019-09-16T18:07:32","slug":"nota-informativa-05-2019-referente-ao-edital-85-2019-cursos-fic","status":"publish","type":"post","link":"https:\/\/www.ifbaiano.edu.br\/unidades\/lapa\/2019\/08\/30\/nota-informativa-05-2019-referente-ao-edital-85-2019-cursos-fic\/","title":{"rendered":"Nota Informativa 05\/2019 referente ao Edital 85\/2019 &#8211; Cursos FIC"},"content":{"rendered":"\n<p style=\"text-align:right\"><p style=\"text-align:justify\">Tornamos p\u00fablica a Nota Informativa 05\/2019, referente ao Edital 85\/2019, que trata do preenchimento de vagas nos cursos de forma\u00e7\u00e3o continuada do semestre 2019.2.<\/p><\/p>\n\n\n\n<div class=\"wp-block-file\"><a href=\"http:\/\/www.ifbaiano.edu.br\/unidades\/lapa\/files\/2019\/08\/Nota-Informativa-05-2019.pdf\" target=\"_blank\" rel=\"noopener noreferrer\">Nota Inform\u00e1tiva 05\/2019<\/a><\/div>\nFonte: Coordena\u00e7\u00e3o de Extens\u00e3o\n","protected":false},"excerpt":{"rendered":"<p>Tornamos p\u00fablica a Nota Informativa 05\/2019, referente ao Edital 85\/2019, que trata do preenchimento de vagas nos cursos de forma\u00e7\u00e3o continuada do semestre 2019.2. Nota Inform\u00e1tiva 05\/2019 Fonte: Coordena\u00e7\u00e3o de Extens\u00e3o<\/p>\n","protected":false},"author":100,"featured_media":0,"comment_status":"open","ping_status":"open","sticky":false,"template":"","format":"standard","meta":[],"categories":[34,24,40,65],"tags":[],"_links":{"self":[{"href":"https:\/\/www.ifbaiano.edu.br\/unidades\/lapa\/wp-json\/wp\/v2\/posts\/14101"}],"collection":[{"href":"https:\/\/www.ifbaiano.edu.br\/unidades\/lapa\/wp-json\/wp\/v2\/posts"}],"about":[{"href":"https:\/\/www.ifbaiano.edu.br\/unidades\/lapa\/wp-json\/wp\/v2\/types\/post"}],"author":[{"embeddable":true,"href":"https:\/\/www.ifbaiano.edu.br\/unidades\/lapa\/wp-json\/wp\/v2\/users\/100"}],"replies":[{"embeddable":true,"href":"https:\/\/www.ifbaiano.edu.br\/unidades\/lapa\/wp-json\/wp\/v2\/comments?post=14101"}],"version-history":[{"count":4,"href":"https:\/\/www.ifbaiano.edu.br\/unidades\/lapa\/wp-json\/wp\/v2\/posts\/14101\/revisions"}],"predecessor-version":[{"id":14201,"href":"https:\/\/www.ifbaiano.edu.br\/unidades\/lapa\/wp-json\/wp\/v2\/posts\/14101\/revisions\/14201"}],"wp:attachment":[{"href":"https:\/\/www.ifbaiano.edu.br\/unidades\/lapa\/wp-json\/wp\/v2\/media?parent=14101"}],"wp:term":[{"taxonomy":"category","embeddable":true,"href":"https:\/\/www.ifbaiano.edu.br\/unidades\/lapa\/wp-json\/wp\/v2\/categories?post=14101"},{"taxonomy":"post_tag","embeddable":true,"href":"https:\/\/www.ifbaiano.edu.br\/unidades\/lapa\/wp-json\/wp\/v2\/tags?post=14101"}],"curies":[{"name":"wp","href":"https:\/\/api.w.org\/{rel}","templated":true}]}}