{"id":14127,"date":"2019-09-06T10:21:45","date_gmt":"2019-09-06T13:21:45","guid":{"rendered":"http:\/\/www.ifbaiano.edu.br\/unidades\/lapa\/?p=14127"},"modified":"2019-09-16T15:06:30","modified_gmt":"2019-09-16T18:06:30","slug":"cursos-senar","status":"publish","type":"post","link":"https:\/\/www.ifbaiano.edu.br\/unidades\/lapa\/2019\/09\/06\/cursos-senar\/","title":{"rendered":"Cursos SENAR"},"content":{"rendered":"\n<p style=\"text-align:right\"><p style=\"text-align:justify\">O <em>Campus<\/em> Bom Jesus da Lapa, atrav\u00e9s da Coordena\u00e7\u00e3o de Engenharia Agron\u00f4mica, realizar\u00e1 em parceria com o SENAR e com a ABAPA, os cursos de tratorista e agricultura de precis\u00e3o, no per\u00edodo de 10 a 12 de setembro. O p\u00fablico participante \u00e9 composto por alunos do curso de Engenharia Agron\u00f4mica.<\/p><\/p>\n\n\n\n<figure class=\"wp-block-image\"><img decoding=\"async\" loading=\"lazy\" width=\"1114\" height=\"771\" src=\"http:\/\/www.ifbaiano.edu.br\/unidades\/lapa\/files\/2019\/09\/Cursos-SENAR.png\" alt=\"Cursos - SENAR (formato png, tamanho 2MB)\" class=\"wp-image-14128\" \/><\/figure>\n","protected":false},"excerpt":{"rendered":"<p>O Campus Bom Jesus da Lapa, atrav\u00e9s da Coordena\u00e7\u00e3o de Engenharia Agron\u00f4mica, realizar\u00e1 em parceria com o SENAR e com a ABAPA, os cursos de tratorista e agricultura de precis\u00e3o, no per\u00edodo de 10 a 12 de setembro. O p\u00fablico participante \u00e9 composto por alunos do curso de Engenharia Agron\u00f4mica.<\/p>\n","protected":false},"author":100,"featured_media":14128,"comment_status":"open","ping_status":"open","sticky":false,"template":"","format":"standard","meta":[],"categories":[24,40,70,65],"tags":[],"_links":{"self":[{"href":"https:\/\/www.ifbaiano.edu.br\/unidades\/lapa\/wp-json\/wp\/v2\/posts\/14127"}],"collection":[{"href":"https:\/\/www.ifbaiano.edu.br\/unidades\/lapa\/wp-json\/wp\/v2\/posts"}],"about":[{"href":"https:\/\/www.ifbaiano.edu.br\/unidades\/lapa\/wp-json\/wp\/v2\/types\/post"}],"author":[{"embeddable":true,"href":"https:\/\/www.ifbaiano.edu.br\/unidades\/lapa\/wp-json\/wp\/v2\/users\/100"}],"replies":[{"embeddable":true,"href":"https:\/\/www.ifbaiano.edu.br\/unidades\/lapa\/wp-json\/wp\/v2\/comments?post=14127"}],"version-history":[{"count":2,"href":"https:\/\/www.ifbaiano.edu.br\/unidades\/lapa\/wp-json\/wp\/v2\/posts\/14127\/revisions"}],"predecessor-version":[{"id":14199,"href":"https:\/\/www.ifbaiano.edu.br\/unidades\/lapa\/wp-json\/wp\/v2\/posts\/14127\/revisions\/14199"}],"wp:featuredmedia":[{"embeddable":true,"href":"https:\/\/www.ifbaiano.edu.br\/unidades\/lapa\/wp-json\/wp\/v2\/media\/14128"}],"wp:attachment":[{"href":"https:\/\/www.ifbaiano.edu.br\/unidades\/lapa\/wp-json\/wp\/v2\/media?parent=14127"}],"wp:term":[{"taxonomy":"category","embeddable":true,"href":"https:\/\/www.ifbaiano.edu.br\/unidades\/lapa\/wp-json\/wp\/v2\/categories?post=14127"},{"taxonomy":"post_tag","embeddable":true,"href":"https:\/\/www.ifbaiano.edu.br\/unidades\/lapa\/wp-json\/wp\/v2\/tags?post=14127"}],"curies":[{"name":"wp","href":"https:\/\/api.w.org\/{rel}","templated":true}]}}