{"id":1418,"date":"2013-09-26T12:11:48","date_gmt":"2013-09-26T14:11:48","guid":{"rendered":"http:\/\/www.ifbaiano.edu.br\/unidades\/lapa\/?p=1418"},"modified":"2013-09-26T18:24:05","modified_gmt":"2013-09-26T20:24:05","slug":"campus-lapa-realiza-dia-d","status":"publish","type":"post","link":"https:\/\/www.ifbaiano.edu.br\/unidades\/lapa\/2013\/09\/26\/campus-lapa-realiza-dia-d\/","title":{"rendered":"Campus Lapa realiza Dia D"},"content":{"rendered":"<p>O evento aconteceu no dia 19 de setembro, no audit\u00f3rio do Campus, em homenagem ao anivers\u00e1rio de 05 anos do IF Baiano.<!--more--><\/p>\n<p>A integra\u00e7\u00e3o e motiva\u00e7\u00e3o dos servidores e estudantes em realizar um evento condizente com a import\u00e2ncia da data, foi o principal elemento de toda a comemora\u00e7\u00e3o. Ap\u00f3s a mesa de abertura, durante a qual foram oferecidas as placas de homenagem aos segmentos do Campus (docentes, t\u00e9cnicos, alunos e egressos), foi realizada uma apresenta\u00e7\u00e3o musical, feita pelo professor Vasni Filho, que encantou a todos com um resgate de melodias e letras singulares. Foram expostos ao longo dos corredores banners contendo o resultado de pesquisas e projetos desenvolvidos pelos servidores do Campus. Houve a exposi\u00e7\u00e3o de projetos tecnol\u00f3gicos desenvolvidos pelos professores de inform\u00e1tica, utilizando as tecnologias da informa\u00e7\u00e3o e comunica\u00e7\u00e3o, particularmente a engenharia de softwares. Durante a tarde, o professor Heron Ferreira Souza proferiu a palestra \u201cEDUCA\u00c7\u00c3O PROFISSIONAL E TRABALHO NA CONTEMPORANEIDADE: A FUN\u00c7\u00c3O SOCIAL DOS INSTITUTOS FEDERAIS\u201d, na tra\u00e7ou um panorama da educa\u00e7\u00e3o oferecida pelos institutos federais, ressaltando a sua contribui\u00e7\u00e3o para o processo de desenvolvimento social. Em seguida, ocorreu um show de calouros, com a participa\u00e7\u00e3o tanto de servidores quanto de alunos do campus, encerrando as atividades.<\/p>\n<p><a href=\"http:\/\/www.ifbaiano.edu.br\/unidades\/lapa\/files\/2013\/09\/essa5.jpg\"><br \/>\n\n\t\t<style type=\"text\/css\">\n\t\t\t#gallery-1 {\n\t\t\t\tmargin: auto;\n\t\t\t}\n\t\t\t#gallery-1 .gallery-item {\n\t\t\t\tfloat: left;\n\t\t\t\tmargin-top: 10px;\n\t\t\t\ttext-align: center;\n\t\t\t\twidth: 50%;\n\t\t\t}\n\t\t\t#gallery-1 img {\n\t\t\t\tborder: 2px solid #cfcfcf;\n\t\t\t}\n\t\t\t#gallery-1 .gallery-caption {\n\t\t\t\tmargin-left: 0;\n\t\t\t}\n\t\t\t\/* see gallery_shortcode() in wp-includes\/media.php *\/\n\t\t<\/style>\n\t\t<div id='gallery-1' class='gallery galleryid-1418 gallery-columns-2 gallery-size-thumbnail'><dl class='gallery-item'>\n\t\t\t<dt class='gallery-icon landscape'>\n\t\t\t\t<a href='https:\/\/www.ifbaiano.edu.br\/unidades\/lapa\/files\/2013\/09\/Entrega-de-Medalha-aluno.Credito-Karolyny-Almeida_2304x1728.jpg'><img width=\"150\" height=\"150\" src=\"https:\/\/www.ifbaiano.edu.br\/unidades\/lapa\/files\/2013\/09\/Entrega-de-Medalha-aluno.Credito-Karolyny-Almeida_2304x1728-150x150.jpg\" class=\"attachment-thumbnail size-thumbnail\" alt=\"\" decoding=\"async\" loading=\"lazy\" \/><\/a>\n\t\t\t<\/dt><\/dl><dl class='gallery-item'>\n\t\t\t<dt class='gallery-icon landscape'>\n\t\t\t\t<a href='https:\/\/www.ifbaiano.edu.br\/unidades\/lapa\/files\/2013\/09\/essa1.jpg'><img width=\"150\" height=\"150\" src=\"https:\/\/www.ifbaiano.edu.br\/unidades\/lapa\/files\/2013\/09\/essa1-150x150.jpg\" class=\"attachment-thumbnail size-thumbnail\" alt=\"\" decoding=\"async\" loading=\"lazy\" \/><\/a>\n\t\t\t<\/dt><\/dl><br style=\"clear: both\" \/><dl class='gallery-item'>\n\t\t\t<dt class='gallery-icon landscape'>\n\t\t\t\t<a href='https:\/\/www.ifbaiano.edu.br\/unidades\/lapa\/files\/2013\/09\/essa2.jpg'><img width=\"150\" height=\"150\" src=\"https:\/\/www.ifbaiano.edu.br\/unidades\/lapa\/files\/2013\/09\/essa2-150x150.jpg\" class=\"attachment-thumbnail size-thumbnail\" alt=\"\" decoding=\"async\" loading=\"lazy\" \/><\/a>\n\t\t\t<\/dt><\/dl><dl class='gallery-item'>\n\t\t\t<dt class='gallery-icon landscape'>\n\t\t\t\t<a href='https:\/\/www.ifbaiano.edu.br\/unidades\/lapa\/files\/2013\/09\/essa3.jpg'><img width=\"150\" height=\"150\" src=\"https:\/\/www.ifbaiano.edu.br\/unidades\/lapa\/files\/2013\/09\/essa3-150x150.jpg\" class=\"attachment-thumbnail size-thumbnail\" alt=\"\" decoding=\"async\" loading=\"lazy\" \/><\/a>\n\t\t\t<\/dt><\/dl><br style=\"clear: both\" \/><dl class='gallery-item'>\n\t\t\t<dt class='gallery-icon landscape'>\n\t\t\t\t<a href='https:\/\/www.ifbaiano.edu.br\/unidades\/lapa\/files\/2013\/09\/essa5.jpg'><img width=\"150\" height=\"150\" src=\"https:\/\/www.ifbaiano.edu.br\/unidades\/lapa\/files\/2013\/09\/essa5-150x150.jpg\" class=\"attachment-thumbnail size-thumbnail\" alt=\"\" decoding=\"async\" loading=\"lazy\" \/><\/a>\n\t\t\t<\/dt><\/dl>\n\t\t\t<br style='clear: both' \/>\n\t\t<\/div>\n<\/p>\n<p><\/a><\/p>\n<p>&nbsp;<\/p>\n","protected":false},"excerpt":{"rendered":"<p>O evento aconteceu no dia 19 de setembro, no audit\u00f3rio do Campus, em homenagem ao anivers\u00e1rio de 05 anos do IF Baiano.<\/p>\n","protected":false},"author":41,"featured_media":0,"comment_status":"open","ping_status":"open","sticky":false,"template":"","format":"standard","meta":[],"categories":[1],"tags":[],"_links":{"self":[{"href":"https:\/\/www.ifbaiano.edu.br\/unidades\/lapa\/wp-json\/wp\/v2\/posts\/1418"}],"collection":[{"href":"https:\/\/www.ifbaiano.edu.br\/unidades\/lapa\/wp-json\/wp\/v2\/posts"}],"about":[{"href":"https:\/\/www.ifbaiano.edu.br\/unidades\/lapa\/wp-json\/wp\/v2\/types\/post"}],"author":[{"embeddable":true,"href":"https:\/\/www.ifbaiano.edu.br\/unidades\/lapa\/wp-json\/wp\/v2\/users\/41"}],"replies":[{"embeddable":true,"href":"https:\/\/www.ifbaiano.edu.br\/unidades\/lapa\/wp-json\/wp\/v2\/comments?post=1418"}],"version-history":[{"count":4,"href":"https:\/\/www.ifbaiano.edu.br\/unidades\/lapa\/wp-json\/wp\/v2\/posts\/1418\/revisions"}],"predecessor-version":[{"id":1434,"href":"https:\/\/www.ifbaiano.edu.br\/unidades\/lapa\/wp-json\/wp\/v2\/posts\/1418\/revisions\/1434"}],"wp:attachment":[{"href":"https:\/\/www.ifbaiano.edu.br\/unidades\/lapa\/wp-json\/wp\/v2\/media?parent=1418"}],"wp:term":[{"taxonomy":"category","embeddable":true,"href":"https:\/\/www.ifbaiano.edu.br\/unidades\/lapa\/wp-json\/wp\/v2\/categories?post=1418"},{"taxonomy":"post_tag","embeddable":true,"href":"https:\/\/www.ifbaiano.edu.br\/unidades\/lapa\/wp-json\/wp\/v2\/tags?post=1418"}],"curies":[{"name":"wp","href":"https:\/\/api.w.org\/{rel}","templated":true}]}}