{"id":14204,"date":"2019-09-17T08:55:32","date_gmt":"2019-09-17T11:55:32","guid":{"rendered":"http:\/\/www.ifbaiano.edu.br\/unidades\/lapa\/?p=14204"},"modified":"2019-09-17T08:55:32","modified_gmt":"2019-09-17T11:55:32","slug":"resultado-final-da-selecao-de-monitores-voluntarios-de-ensino","status":"publish","type":"post","link":"https:\/\/www.ifbaiano.edu.br\/unidades\/lapa\/2019\/09\/17\/resultado-final-da-selecao-de-monitores-voluntarios-de-ensino\/","title":{"rendered":"Resultado Final da sele\u00e7\u00e3o de Monitores volunt\u00e1rios de ensino"},"content":{"rendered":"\n<p align=\"justify\"> A comiss\u00e3o de implementa\u00e7\u00e3o do Programa de Monitoria de Ensino torna p\u00fablico o <a rel=\"noreferrer noopener\" aria-label=\"resultado final (abre numa nova aba)\" href=\"http:\/\/www.ifbaiano.edu.br\/unidades\/lapa\/files\/2019\/09\/RESULTADO_FINAL_MONITORIA_VOLUNTARIA.pdf\" target=\"_blank\">resultado final<\/a> e a <a rel=\"noreferrer noopener\" aria-label=\"nota informativa 02\/2019 (abre numa nova aba)\" href=\"http:\/\/www.ifbaiano.edu.br\/unidades\/lapa\/files\/2019\/09\/Nota_Informativa_02-2019.pdf\" target=\"_blank\">nota informativa 02\/2019<\/a>, referente \u00e0 sele\u00e7\u00e3o de monitores volunt\u00e1rios de ensino do semestre 2019.2 no \u00e2mbito do curso de Engenharia Agron\u00f4mica.Os estudantes selecionados dever\u00e3o procurar a assessoria do curso, representada pelo servidor Junio Batista, para assinatura do Termo do Compromisso, nos termos do <a href=\"http:\/\/www.ifbaiano.edu.br\/unidades\/lapa\/files\/2019\/09\/EDITAL_10-2019-MONITORIA_VOLUNTARIA_2019-2-ENG_AGRONOMICA.pdf\" target=\"_blank\" rel=\"noreferrer noopener\" aria-label=\"Edital 10\/2019 (abre numa nova aba)\">Edital 10\/2019<\/a>. \u00c9 importante frisar que alguns docentes poder\u00e3o aumentar o n\u00famero de monitores, em conformidade com as demandas de sua respectiva disciplina.Os monitores que atuar\u00e3o junto ao NAPNE necessitar\u00e3o se apresentar no respectivo setor, ainda esta semana, para alinhamento das a\u00e7\u00f5es de atendimento. <\/p>\n","protected":false},"excerpt":{"rendered":"<p>A comiss\u00e3o de implementa\u00e7\u00e3o do Programa de Monitoria de Ensino torna p\u00fablico o resultado final e a nota informativa 02\/2019, referente \u00e0 sele\u00e7\u00e3o de monitores volunt\u00e1rios de ensino do semestre 2019.2 no \u00e2mbito do curso de Engenharia Agron\u00f4mica.Os estudantes selecionados dever\u00e3o procurar a assessoria do curso, representada pelo servidor Junio Batista, para assinatura do Termo [&hellip;]<\/p>\n","protected":false},"author":100,"featured_media":0,"comment_status":"open","ping_status":"open","sticky":false,"template":"","format":"standard","meta":[],"categories":[34,39,24,70,65],"tags":[],"_links":{"self":[{"href":"https:\/\/www.ifbaiano.edu.br\/unidades\/lapa\/wp-json\/wp\/v2\/posts\/14204"}],"collection":[{"href":"https:\/\/www.ifbaiano.edu.br\/unidades\/lapa\/wp-json\/wp\/v2\/posts"}],"about":[{"href":"https:\/\/www.ifbaiano.edu.br\/unidades\/lapa\/wp-json\/wp\/v2\/types\/post"}],"author":[{"embeddable":true,"href":"https:\/\/www.ifbaiano.edu.br\/unidades\/lapa\/wp-json\/wp\/v2\/users\/100"}],"replies":[{"embeddable":true,"href":"https:\/\/www.ifbaiano.edu.br\/unidades\/lapa\/wp-json\/wp\/v2\/comments?post=14204"}],"version-history":[{"count":2,"href":"https:\/\/www.ifbaiano.edu.br\/unidades\/lapa\/wp-json\/wp\/v2\/posts\/14204\/revisions"}],"predecessor-version":[{"id":14208,"href":"https:\/\/www.ifbaiano.edu.br\/unidades\/lapa\/wp-json\/wp\/v2\/posts\/14204\/revisions\/14208"}],"wp:attachment":[{"href":"https:\/\/www.ifbaiano.edu.br\/unidades\/lapa\/wp-json\/wp\/v2\/media?parent=14204"}],"wp:term":[{"taxonomy":"category","embeddable":true,"href":"https:\/\/www.ifbaiano.edu.br\/unidades\/lapa\/wp-json\/wp\/v2\/categories?post=14204"},{"taxonomy":"post_tag","embeddable":true,"href":"https:\/\/www.ifbaiano.edu.br\/unidades\/lapa\/wp-json\/wp\/v2\/tags?post=14204"}],"curies":[{"name":"wp","href":"https:\/\/api.w.org\/{rel}","templated":true}]}}