{"id":14213,"date":"2019-09-17T16:16:06","date_gmt":"2019-09-17T19:16:06","guid":{"rendered":"http:\/\/www.ifbaiano.edu.br\/unidades\/lapa\/?p=14213"},"modified":"2019-09-17T16:18:11","modified_gmt":"2019-09-17T19:18:11","slug":"nota-de-congratulacao-a-discentes-certificados-com-a-mencao-honrosa-da-obemep-2018","status":"publish","type":"post","link":"https:\/\/www.ifbaiano.edu.br\/unidades\/lapa\/2019\/09\/17\/nota-de-congratulacao-a-discentes-certificados-com-a-mencao-honrosa-da-obemep-2018\/","title":{"rendered":"Nota de Congratula\u00e7\u00e3o a discentes certificados com a Men\u00e7\u00e3o Honrosa da OBEMEP 2018"},"content":{"rendered":"\n<figure class=\"wp-block-image\"><img decoding=\"async\" loading=\"lazy\" width=\"906\" height=\"661\" src=\"http:\/\/www.ifbaiano.edu.br\/unidades\/lapa\/files\/2019\/09\/OBEMEP.png\" alt=\"\" class=\"wp-image-14214\" \/><figcaption>Cerim\u00f4nia de premia\u00e7\u00e3o da OBEMEP 2018 &#8211; Caetit\u00e9-Ba (16\/09\/2019)<br>Discentes: Emeson C\u00e9sar Costa e Jefferson Sena de Oliveira, certificados com men\u00e7\u00e3o honrosa pelo IF Baiano e Fabr\u00edcio Barbosa dos Santos, certificado com medalha de bronze na OBEMEP 2018, pela Escola \u00a0Maria Amaral de Riacho de Santana e ganhador da medalha de prata da OBA pelo IF Baiano \u2013 Campus Lapa.<\/figcaption><\/figure>\n\n\n\n<div class=\"wp-block-file\"><a href=\"http:\/\/www.ifbaiano.edu.br\/unidades\/lapa\/files\/2019\/09\/Nota-de-Congratula\u00e7\u00f5es.pdf\" target=\"_blank\" rel=\"noopener noreferrer\">Nota de Congratula\u00e7\u00f5es<\/a><\/div>\n\n\n\n<p>Fonte: Diretoria Acad\u00eamica<\/p>\n","protected":false},"excerpt":{"rendered":"<p>Fonte: Diretoria Acad\u00eamica<\/p>\n","protected":false},"author":100,"featured_media":14214,"comment_status":"open","ping_status":"open","sticky":false,"template":"","format":"standard","meta":[],"categories":[39,30,24,68,65],"tags":[],"_links":{"self":[{"href":"https:\/\/www.ifbaiano.edu.br\/unidades\/lapa\/wp-json\/wp\/v2\/posts\/14213"}],"collection":[{"href":"https:\/\/www.ifbaiano.edu.br\/unidades\/lapa\/wp-json\/wp\/v2\/posts"}],"about":[{"href":"https:\/\/www.ifbaiano.edu.br\/unidades\/lapa\/wp-json\/wp\/v2\/types\/post"}],"author":[{"embeddable":true,"href":"https:\/\/www.ifbaiano.edu.br\/unidades\/lapa\/wp-json\/wp\/v2\/users\/100"}],"replies":[{"embeddable":true,"href":"https:\/\/www.ifbaiano.edu.br\/unidades\/lapa\/wp-json\/wp\/v2\/comments?post=14213"}],"version-history":[{"count":2,"href":"https:\/\/www.ifbaiano.edu.br\/unidades\/lapa\/wp-json\/wp\/v2\/posts\/14213\/revisions"}],"predecessor-version":[{"id":14217,"href":"https:\/\/www.ifbaiano.edu.br\/unidades\/lapa\/wp-json\/wp\/v2\/posts\/14213\/revisions\/14217"}],"wp:featuredmedia":[{"embeddable":true,"href":"https:\/\/www.ifbaiano.edu.br\/unidades\/lapa\/wp-json\/wp\/v2\/media\/14214"}],"wp:attachment":[{"href":"https:\/\/www.ifbaiano.edu.br\/unidades\/lapa\/wp-json\/wp\/v2\/media?parent=14213"}],"wp:term":[{"taxonomy":"category","embeddable":true,"href":"https:\/\/www.ifbaiano.edu.br\/unidades\/lapa\/wp-json\/wp\/v2\/categories?post=14213"},{"taxonomy":"post_tag","embeddable":true,"href":"https:\/\/www.ifbaiano.edu.br\/unidades\/lapa\/wp-json\/wp\/v2\/tags?post=14213"}],"curies":[{"name":"wp","href":"https:\/\/api.w.org\/{rel}","templated":true}]}}