{"id":14231,"date":"2019-09-23T13:33:17","date_gmt":"2019-09-23T16:33:17","guid":{"rendered":"http:\/\/www.ifbaiano.edu.br\/unidades\/lapa\/?p=14231"},"modified":"2019-09-23T13:37:27","modified_gmt":"2019-09-23T16:37:27","slug":"if-lapa-realizou-o-i-simposio-de-didatica-e-educacao-matematica","status":"publish","type":"post","link":"https:\/\/www.ifbaiano.edu.br\/unidades\/lapa\/2019\/09\/23\/if-lapa-realizou-o-i-simposio-de-didatica-e-educacao-matematica\/","title":{"rendered":"IF Lapa realizou o I Simp\u00f3sio de Did\u00e1tica e Educa\u00e7\u00e3o Matem\u00e1tica"},"content":{"rendered":"\n<p align=\"justify\">Aconteceu no \u00faltimo dia 21 de setembro \nde 2019 no IF Baiano Campus Bom Jesus da Lapa o \u201cI Simp\u00f3sio de Did\u00e1tica e\n Educa\u00e7\u00e3o Matem\u00e1tica: concep\u00e7\u00f5es te\u00f3ricas e pr\u00e1ticas para aprendizagem \nda Matem\u00e1tica\u201d, culminando o fechamento das atividades do I semestre da \n2\u00aa turma da P\u00f3s-Gradua\u00e7\u00e3o em Educa\u00e7\u00e3o Matem\u00e1tica. O evento foi \norganizado por docente e estudantes e contou com a participa\u00e7\u00e3o de \nprofissionais da rede municipal de ensino de Carinhanha, Bom Jesus da \nLapa e Serra do Ramalho. Na oportunidade as debatedoras Edim\u00e1rcia Soares\n da Silva, Gabriela Silva, Veraluce Nunes da Silva, Joelma Sipauba \nFreitas, Helo\u00edsa Neves de Souza e Rozane Meira de S\u00e1 Teles Magalh\u00e3es \ndiscutiram sobre a Teoria dos campos conceituais de Vergnaud\u201d; Registro \nde representa\u00e7\u00f5es; Obst\u00e1culos epistemol\u00f3gicos; Teorias das situa\u00e7\u00f5es \ndid\u00e1ticas; Contrato did\u00e1tico; e Transposi\u00e7\u00e3o did\u00e1tica, respectivamente. \nNa oportunidade, o Diretor Geral do Campus, Geang\u00ealo de Matos Rosa, \ndestacou a relev\u00e2ncia do Simp\u00f3sio para a forma\u00e7\u00e3o continuada de \nprofessores, posto que a aprendizagem matem\u00e1tica ainda \u00e9 um desafio para\n estudantes e docentes. Para ele, pensar numa matem\u00e1tica para todos \nrequer romper com uma tradi\u00e7\u00e3o perversa de supervaloriza\u00e7\u00e3o de aspectos \nde um saber abstrato e distanciado das realidades. Durante o simp\u00f3sio, \nos participantes tamb\u00e9m visitaram um stand de jogos matem\u00e1ticos \nconstru\u00eddos pelos discentes a partir de materiais recicl\u00e1veis, abordando\n conte\u00fados matem\u00e1ticos da educa\u00e7\u00e3o b\u00e1sica. Para a estudante Edim\u00e1rcia, o\n evento simbolizou a supera\u00e7\u00e3o de dificuldades e os encorajou a \nenfrentar novos desafios, fortalecendo a convic\u00e7\u00e3o de que \u00e9 poss\u00edvel \naprender matem\u00e1tica de forma significativa.<\/p>\n\n\n\n<ul class=\"wp-block-gallery columns-3 is-cropped wp-block-gallery-1 is-layout-flex\"><li class=\"blocks-gallery-item\"><figure><img decoding=\"async\" src=\"http:\/\/www.ifbaiano.edu.br\/unidades\/lapa\/files\/2019\/09\/f7.jpg\" alt=\"\" data-id=\"14232\" data-link=\"http:\/\/www.ifbaiano.edu.br\/unidades\/lapa\/?attachment_id=14232\" class=\"wp-image-14232\" \/><\/figure><\/li><li class=\"blocks-gallery-item\"><figure><img decoding=\"async\" loading=\"lazy\" width=\"4032\" height=\"1960\" src=\"http:\/\/www.ifbaiano.edu.br\/unidades\/lapa\/files\/2019\/09\/f2.jpg\" alt=\"\" data-id=\"14233\" data-link=\"http:\/\/www.ifbaiano.edu.br\/unidades\/lapa\/?attachment_id=14233\" class=\"wp-image-14233\" \/><\/figure><\/li><li class=\"blocks-gallery-item\"><figure><img decoding=\"async\" loading=\"lazy\" width=\"4032\" height=\"1960\" src=\"http:\/\/www.ifbaiano.edu.br\/unidades\/lapa\/files\/2019\/09\/f3.jpg\" alt=\"\" data-id=\"14234\" data-link=\"http:\/\/www.ifbaiano.edu.br\/unidades\/lapa\/?attachment_id=14234\" class=\"wp-image-14234\" \/><\/figure><\/li><li class=\"blocks-gallery-item\"><figure><img decoding=\"async\" loading=\"lazy\" width=\"4032\" height=\"1960\" src=\"http:\/\/www.ifbaiano.edu.br\/unidades\/lapa\/files\/2019\/09\/f4.jpg\" alt=\"\" data-id=\"14235\" data-link=\"http:\/\/www.ifbaiano.edu.br\/unidades\/lapa\/?attachment_id=14235\" class=\"wp-image-14235\" \/><\/figure><\/li><li class=\"blocks-gallery-item\"><figure><img decoding=\"async\" loading=\"lazy\" width=\"4032\" height=\"1960\" src=\"http:\/\/www.ifbaiano.edu.br\/unidades\/lapa\/files\/2019\/09\/f5.jpg\" alt=\"\" data-id=\"14236\" data-link=\"http:\/\/www.ifbaiano.edu.br\/unidades\/lapa\/?attachment_id=14236\" class=\"wp-image-14236\" \/><\/figure><\/li><li class=\"blocks-gallery-item\"><figure><img decoding=\"async\" loading=\"lazy\" width=\"1280\" height=\"720\" src=\"http:\/\/www.ifbaiano.edu.br\/unidades\/lapa\/files\/2019\/09\/f6.jpg\" alt=\"\" data-id=\"14237\" data-link=\"http:\/\/www.ifbaiano.edu.br\/unidades\/lapa\/?attachment_id=14237\" class=\"wp-image-14237\" \/><\/figure><\/li><li class=\"blocks-gallery-item\"><figure><img decoding=\"async\" src=\"http:\/\/www.ifbaiano.edu.br\/unidades\/lapa\/files\/2019\/09\/f1.jpg\" alt=\"\" data-id=\"14238\" data-link=\"http:\/\/www.ifbaiano.edu.br\/unidades\/lapa\/?attachment_id=14238\" class=\"wp-image-14238\" \/><\/figure><\/li><\/ul>\n","protected":false},"excerpt":{"rendered":"<p>Aconteceu no \u00faltimo dia 21 de setembro de 2019 no IF Baiano Campus Bom Jesus da Lapa o \u201cI Simp\u00f3sio de Did\u00e1tica e Educa\u00e7\u00e3o Matem\u00e1tica: concep\u00e7\u00f5es te\u00f3ricas e pr\u00e1ticas para aprendizagem da Matem\u00e1tica\u201d, culminando o fechamento das atividades do I semestre da 2\u00aa turma da P\u00f3s-Gradua\u00e7\u00e3o em Educa\u00e7\u00e3o Matem\u00e1tica. O evento foi organizado por docente [&hellip;]<\/p>\n","protected":false},"author":100,"featured_media":14239,"comment_status":"open","ping_status":"open","sticky":false,"template":"","format":"standard","meta":[],"categories":[39,71,24,65],"tags":[],"_links":{"self":[{"href":"https:\/\/www.ifbaiano.edu.br\/unidades\/lapa\/wp-json\/wp\/v2\/posts\/14231"}],"collection":[{"href":"https:\/\/www.ifbaiano.edu.br\/unidades\/lapa\/wp-json\/wp\/v2\/posts"}],"about":[{"href":"https:\/\/www.ifbaiano.edu.br\/unidades\/lapa\/wp-json\/wp\/v2\/types\/post"}],"author":[{"embeddable":true,"href":"https:\/\/www.ifbaiano.edu.br\/unidades\/lapa\/wp-json\/wp\/v2\/users\/100"}],"replies":[{"embeddable":true,"href":"https:\/\/www.ifbaiano.edu.br\/unidades\/lapa\/wp-json\/wp\/v2\/comments?post=14231"}],"version-history":[{"count":5,"href":"https:\/\/www.ifbaiano.edu.br\/unidades\/lapa\/wp-json\/wp\/v2\/posts\/14231\/revisions"}],"predecessor-version":[{"id":14244,"href":"https:\/\/www.ifbaiano.edu.br\/unidades\/lapa\/wp-json\/wp\/v2\/posts\/14231\/revisions\/14244"}],"wp:featuredmedia":[{"embeddable":true,"href":"https:\/\/www.ifbaiano.edu.br\/unidades\/lapa\/wp-json\/wp\/v2\/media\/14239"}],"wp:attachment":[{"href":"https:\/\/www.ifbaiano.edu.br\/unidades\/lapa\/wp-json\/wp\/v2\/media?parent=14231"}],"wp:term":[{"taxonomy":"category","embeddable":true,"href":"https:\/\/www.ifbaiano.edu.br\/unidades\/lapa\/wp-json\/wp\/v2\/categories?post=14231"},{"taxonomy":"post_tag","embeddable":true,"href":"https:\/\/www.ifbaiano.edu.br\/unidades\/lapa\/wp-json\/wp\/v2\/tags?post=14231"}],"curies":[{"name":"wp","href":"https:\/\/api.w.org\/{rel}","templated":true}]}}