{"id":14246,"date":"2019-09-24T09:29:09","date_gmt":"2019-09-24T12:29:09","guid":{"rendered":"http:\/\/www.ifbaiano.edu.br\/unidades\/lapa\/?p=14246"},"modified":"2019-09-24T09:29:54","modified_gmt":"2019-09-24T12:29:54","slug":"selacao-de-monitores-para-ciclo-de-visitacao-de-escolas-publicas","status":"publish","type":"post","link":"https:\/\/www.ifbaiano.edu.br\/unidades\/lapa\/2019\/09\/24\/selacao-de-monitores-para-ciclo-de-visitacao-de-escolas-publicas\/","title":{"rendered":"Sela\u00e7\u00e3o de Monitores para Ciclo de visita\u00e7\u00e3o de escolas p\u00fablicas"},"content":{"rendered":"\n<p> Inscri\u00e7\u00e3o de Monitores para Ciclo de Visita\u00e7\u00e3o de Escolas P\u00fablicas ao Campus Bom Jesus da Lapa, que ocorrer\u00e1 nos dias 08 e 09 de outubro de 2019. As inscri\u00e7\u00f5es v\u00e3o de 19\/09\/2019 a 26\/09\/2019. Ser\u00e3o selecionados 10 monitores que far\u00e3o jus a certificado de participa\u00e7\u00e3o.<\/p>\n\n\n\n<p><a rel=\"noreferrer noopener\" aria-label=\" (abre numa nova aba)\" href=\"https:\/\/docs.google.com\/forms\/d\/1JqCu9wxlUy37GU63anW5aVPkk0iRLzwVraWtHqWqIiQ\/edit\" target=\"_blank\">Formul\u00e1rio<\/a> <\/p>\n\n\n\n<figure class=\"wp-block-image\"><img decoding=\"async\" loading=\"lazy\" width=\"952\" height=\"952\" src=\"http:\/\/www.ifbaiano.edu.br\/unidades\/lapa\/files\/2019\/09\/card-ciclo-visita\u00e7\u00f5es2019.png\" alt=\"Ciclo de Visita\u00e7\u00e3o de Escolas P\u00fablicas\" class=\"wp-image-14249\" \/><figcaption>Ciclo de Visita\u00e7\u00e3o de Escolas P\u00fablicas<\/figcaption><\/figure>\n","protected":false},"excerpt":{"rendered":"<p>Inscri\u00e7\u00e3o de Monitores para Ciclo de Visita\u00e7\u00e3o de Escolas P\u00fablicas ao Campus Bom Jesus da Lapa, que ocorrer\u00e1 nos dias 08 e 09 de outubro de 2019. As inscri\u00e7\u00f5es v\u00e3o de 19\/09\/2019 a 26\/09\/2019. Ser\u00e3o selecionados 10 monitores que far\u00e3o jus a certificado de participa\u00e7\u00e3o. Formul\u00e1rio<\/p>\n","protected":false},"author":100,"featured_media":14249,"comment_status":"open","ping_status":"open","sticky":false,"template":"","format":"standard","meta":[],"categories":[34,24,40,65],"tags":[],"_links":{"self":[{"href":"https:\/\/www.ifbaiano.edu.br\/unidades\/lapa\/wp-json\/wp\/v2\/posts\/14246"}],"collection":[{"href":"https:\/\/www.ifbaiano.edu.br\/unidades\/lapa\/wp-json\/wp\/v2\/posts"}],"about":[{"href":"https:\/\/www.ifbaiano.edu.br\/unidades\/lapa\/wp-json\/wp\/v2\/types\/post"}],"author":[{"embeddable":true,"href":"https:\/\/www.ifbaiano.edu.br\/unidades\/lapa\/wp-json\/wp\/v2\/users\/100"}],"replies":[{"embeddable":true,"href":"https:\/\/www.ifbaiano.edu.br\/unidades\/lapa\/wp-json\/wp\/v2\/comments?post=14246"}],"version-history":[{"count":3,"href":"https:\/\/www.ifbaiano.edu.br\/unidades\/lapa\/wp-json\/wp\/v2\/posts\/14246\/revisions"}],"predecessor-version":[{"id":14250,"href":"https:\/\/www.ifbaiano.edu.br\/unidades\/lapa\/wp-json\/wp\/v2\/posts\/14246\/revisions\/14250"}],"wp:featuredmedia":[{"embeddable":true,"href":"https:\/\/www.ifbaiano.edu.br\/unidades\/lapa\/wp-json\/wp\/v2\/media\/14249"}],"wp:attachment":[{"href":"https:\/\/www.ifbaiano.edu.br\/unidades\/lapa\/wp-json\/wp\/v2\/media?parent=14246"}],"wp:term":[{"taxonomy":"category","embeddable":true,"href":"https:\/\/www.ifbaiano.edu.br\/unidades\/lapa\/wp-json\/wp\/v2\/categories?post=14246"},{"taxonomy":"post_tag","embeddable":true,"href":"https:\/\/www.ifbaiano.edu.br\/unidades\/lapa\/wp-json\/wp\/v2\/tags?post=14246"}],"curies":[{"name":"wp","href":"https:\/\/api.w.org\/{rel}","templated":true}]}}