{"id":1426,"date":"2013-09-26T18:14:29","date_gmt":"2013-09-26T20:14:29","guid":{"rendered":"http:\/\/www.ifbaiano.edu.br\/unidades\/lapa\/?p=1426"},"modified":"2013-09-26T18:14:29","modified_gmt":"2013-09-26T20:14:29","slug":"resultado-das-eleicoes-para-representante-de-turma-modulo-i","status":"publish","type":"post","link":"https:\/\/www.ifbaiano.edu.br\/unidades\/lapa\/2013\/09\/26\/resultado-das-eleicoes-para-representante-de-turma-modulo-i\/","title":{"rendered":"Resultado das Elei\u00e7\u00f5es para representante de Turma &#8211; M\u00f3dulo I"},"content":{"rendered":"<p>A comiss\u00e3o eleitoral informa o resultado das elei\u00e7\u00f5es para representantes de turma.<\/p>\n<p><!--more--><\/p>\n<p><!--more-->Turmo Matutino: Leonardo Pereira Cardoso (Titular) Jadson Silva Melo (Vice);<\/p>\n<p>Turno Vespertino: Wanderson Santos Barreto (Titular) Tain\u00e1 Santos de Jesus (Vice);<\/p>\n<p>Turno Noturno: Leandro Rodrigues da Silva (Titular) Jonh Lenon Alves da Silva (Vice).<\/p>\n<p>&nbsp;<\/p>\n<p>Fonte: Comiss\u00e3o Eleitoral<\/p>\n","protected":false},"excerpt":{"rendered":"<p>A comiss\u00e3o eleitoral informa o resultado das elei\u00e7\u00f5es para representantes de turma.<\/p>\n","protected":false},"author":41,"featured_media":0,"comment_status":"open","ping_status":"open","sticky":false,"template":"","format":"standard","meta":[],"categories":[30],"tags":[],"_links":{"self":[{"href":"https:\/\/www.ifbaiano.edu.br\/unidades\/lapa\/wp-json\/wp\/v2\/posts\/1426"}],"collection":[{"href":"https:\/\/www.ifbaiano.edu.br\/unidades\/lapa\/wp-json\/wp\/v2\/posts"}],"about":[{"href":"https:\/\/www.ifbaiano.edu.br\/unidades\/lapa\/wp-json\/wp\/v2\/types\/post"}],"author":[{"embeddable":true,"href":"https:\/\/www.ifbaiano.edu.br\/unidades\/lapa\/wp-json\/wp\/v2\/users\/41"}],"replies":[{"embeddable":true,"href":"https:\/\/www.ifbaiano.edu.br\/unidades\/lapa\/wp-json\/wp\/v2\/comments?post=1426"}],"version-history":[{"count":2,"href":"https:\/\/www.ifbaiano.edu.br\/unidades\/lapa\/wp-json\/wp\/v2\/posts\/1426\/revisions"}],"predecessor-version":[{"id":1428,"href":"https:\/\/www.ifbaiano.edu.br\/unidades\/lapa\/wp-json\/wp\/v2\/posts\/1426\/revisions\/1428"}],"wp:attachment":[{"href":"https:\/\/www.ifbaiano.edu.br\/unidades\/lapa\/wp-json\/wp\/v2\/media?parent=1426"}],"wp:term":[{"taxonomy":"category","embeddable":true,"href":"https:\/\/www.ifbaiano.edu.br\/unidades\/lapa\/wp-json\/wp\/v2\/categories?post=1426"},{"taxonomy":"post_tag","embeddable":true,"href":"https:\/\/www.ifbaiano.edu.br\/unidades\/lapa\/wp-json\/wp\/v2\/tags?post=1426"}],"curies":[{"name":"wp","href":"https:\/\/api.w.org\/{rel}","templated":true}]}}