{"id":14303,"date":"2019-09-26T09:18:49","date_gmt":"2019-09-26T12:18:49","guid":{"rendered":"http:\/\/www.ifbaiano.edu.br\/unidades\/lapa\/?p=14303"},"modified":"2019-09-26T15:03:55","modified_gmt":"2019-09-26T18:03:55","slug":"projeto-de-extensao-manejo-nutricional-da-bovinocultura-leiteira-de-serra-do-ramalho-ba-diagnostico-e-acoes-corretivas","status":"publish","type":"post","link":"https:\/\/www.ifbaiano.edu.br\/unidades\/lapa\/2019\/09\/26\/projeto-de-extensao-manejo-nutricional-da-bovinocultura-leiteira-de-serra-do-ramalho-ba-diagnostico-e-acoes-corretivas\/","title":{"rendered":"Projeto de extens\u00e3o \u201cManejo nutricional da bovinocultura leiteira de Serra do Ramalho (BA): Diagn\u00f3stico e a\u00e7\u00f5es corretivas\u201d"},"content":{"rendered":"\n<p align=\"justify\">O projeto de extens\u00e3o \u201c<strong>Manejo nutricional da bovinocultura leiteira de Serra do Ramalho (BA): Diagn\u00f3stico e a\u00e7\u00f5es corretivas<\/strong>\u201d, vinculado \u00e0 Chamada Proex 04\/2019, est\u00e1 sendo realizado em conjunto com os produtores de leite do munic\u00edpio e com o apoio da Secretaria Municipal de Agricultura de Serra do Ramalho (SEAGRI). O projeto tem como objetivo promover o conhecimento sobre as t\u00e9cnicas de manejo nutricional e utiliza\u00e7\u00e3o racional de alimentos para bovinos leiteiros, a partir das demandas dos produtores, fortalecendo a referida cadeia produtiva.<\/p>\n\n\n\n<p align=\"justify\">A equipe executora \u00e9 composta pelo professor Kleverton Ribeiro dos Santos e pelos estudantes: Anderson Novaes, Gisele Gon\u00e7alves, Rainne Dourado, J\u00falio C\u00e9sar dos Santos, Emanuele Felipe Alves e Erm\u00edlio Eduardo Souza, vinculados ao curso de Engenharia Agron\u00f4mica.<\/p>\n\n\n\n<p align=\"justify\">O projeto teve que ser ajustado para atender inicialmente a dez agrovilas, com etapas executivas em tr\u00eas locais. Por quest\u00f5es de log\u00edstica e proximidade, os encontros ser\u00e3o realizados nas agrovilas 9, 13 e 18. Apesar disso, todos os produtores, de qualquer agrovila, interessados em participar da proposta, ser\u00e3o bem-vindos.<\/p>\n\n\n\n<p align=\"justify\">A apresenta\u00e7\u00e3o oficial da proposta \u00e0s lideran\u00e7as ocorreu em reuni\u00e3o na Agrovila 9&nbsp;no dia 18\/08\/2019. Para subsidiar o planejamento da etapa de forma\u00e7\u00e3o, a equipe executora do projeto realizou 3 visitas diagn\u00f3sticas, nos dias 30\/08, 07\/09 e 14\/09, nas Agrovilas 13, 09 e 18, respectivamente. Essas atividades envolveram produtores de leite de outras comunidades do munic\u00edpio, com o objetivo de mapear as demandas no que concerne ao manejo nutricional dos rebanhos. Buscou-se compreender as dificuldades enfrentadas e levantar contribui\u00e7\u00f5es para a organiza\u00e7\u00e3o da etapa final do projeto, que ser\u00e1 constitu\u00edda de momentos formativos para disseminar informa\u00e7\u00f5es sobre tipos de alimentos alternativas adaptados a regi\u00e3o, para proporcionar melhores condi\u00e7\u00f5es durante todo per\u00edodo produtivo dos animais em lacta\u00e7\u00e3o. <\/p>\n\n\n\n<p align=\"justify\">Durante as a\u00e7\u00f5es j\u00e1 empreendidas, visualizou-se forte inclina\u00e7\u00e3o dos produtores em participar da proposta, considerando as possibilidades de melhoria das condi\u00e7\u00f5es de produ\u00e7\u00e3o e aumento da produtividade. Para atender \u00e0s expectativas levantadas, a equipe est\u00e1 produzindo o material t\u00e9cnico que ser\u00e1 utilizado nos eventos formativos, cujas datas de realiza\u00e7\u00e3o ainda est\u00e3o sendo definidas.<\/p>\n\n\n\n<ul class=\"wp-block-gallery columns-3 is-cropped wp-block-gallery-1 is-layout-flex\"><li class=\"blocks-gallery-item\"><figure><img decoding=\"async\" loading=\"lazy\" width=\"1040\" height=\"780\" src=\"http:\/\/www.ifbaiano.edu.br\/unidades\/lapa\/files\/2019\/09\/Reuni\u00e3o-Agrovila-9.jpg\" alt=\"Reuni\u00e3o Agrovila 9\" data-id=\"14304\" data-link=\"http:\/\/www.ifbaiano.edu.br\/unidades\/lapa\/?attachment_id=14304\" class=\"wp-image-14304\" \/><figcaption>Reuni\u00e3o Agrovila 9<\/figcaption><\/figure><\/li><li class=\"blocks-gallery-item\"><figure><img decoding=\"async\" loading=\"lazy\" width=\"1280\" height=\"960\" src=\"http:\/\/www.ifbaiano.edu.br\/unidades\/lapa\/files\/2019\/09\/4-Atividade-Daign\u00f3stica-na-Agrovila-18.jpg\" alt=\"Atividade Diagn\u00f3stica na Agrovila 18\" data-id=\"14305\" data-link=\"http:\/\/www.ifbaiano.edu.br\/unidades\/lapa\/?attachment_id=14305\" class=\"wp-image-14305\" \/><figcaption>Atividade Diagn\u00f3stica na Agrovila 18<\/figcaption><\/figure><\/li><li class=\"blocks-gallery-item\"><figure><img decoding=\"async\" loading=\"lazy\" width=\"1280\" height=\"960\" src=\"http:\/\/www.ifbaiano.edu.br\/unidades\/lapa\/files\/2019\/09\/3-Atividade-Diagn\u00f3stica-na-Agrovila-13.jpg\" alt=\"Atividade Diagn\u00f3stica Agrovila 13\" data-id=\"14306\" data-link=\"http:\/\/www.ifbaiano.edu.br\/unidades\/lapa\/?attachment_id=14306\" class=\"wp-image-14306\" \/><figcaption>Atividade Diagn\u00f3stica Agrovila 13<\/figcaption><\/figure><\/li><li class=\"blocks-gallery-item\"><figure><img decoding=\"async\" loading=\"lazy\" width=\"1280\" height=\"960\" src=\"http:\/\/www.ifbaiano.edu.br\/unidades\/lapa\/files\/2019\/09\/2-Atividade-Diagn\u00f3stica-na-Agrovila-13.jpg\" alt=\"Atividade Diagn\u00f3stica na Agrovila 13\" data-id=\"14307\" data-link=\"http:\/\/www.ifbaiano.edu.br\/unidades\/lapa\/?attachment_id=14307\" class=\"wp-image-14307\" \/><figcaption>Atividade Diagn\u00f3stica na Agrovila 13<\/figcaption><\/figure><\/li><li class=\"blocks-gallery-item\"><figure><img decoding=\"async\" loading=\"lazy\" width=\"1032\" height=\"581\" src=\"http:\/\/www.ifbaiano.edu.br\/unidades\/lapa\/files\/2019\/09\/1-Apresenta\u00e7\u00e3o-do-projeto-para-lideran\u00e7as-comunit\u00e1rias.jpg\" alt=\"Apresenta\u00e7\u00e3o do Projeto para lideran\u00e7as comunit\u00e1rias\" data-id=\"14308\" data-link=\"http:\/\/www.ifbaiano.edu.br\/unidades\/lapa\/?attachment_id=14308\" class=\"wp-image-14308\" \/><figcaption>Apresenta\u00e7\u00e3o do Projeto para lideran\u00e7as comunit\u00e1rias<\/figcaption><\/figure><\/li><\/ul>\n","protected":false},"excerpt":{"rendered":"<p>O projeto de extens\u00e3o \u201cManejo nutricional da bovinocultura leiteira de Serra do Ramalho (BA): Diagn\u00f3stico e a\u00e7\u00f5es corretivas\u201d, vinculado \u00e0 Chamada Proex 04\/2019, est\u00e1 sendo realizado em conjunto com os produtores de leite do munic\u00edpio e com o apoio da Secretaria Municipal de Agricultura de Serra do Ramalho (SEAGRI). O projeto tem como objetivo promover [&hellip;]<\/p>\n","protected":false},"author":100,"featured_media":14304,"comment_status":"open","ping_status":"open","sticky":false,"template":"","format":"standard","meta":[],"categories":[24,40,65],"tags":[],"_links":{"self":[{"href":"https:\/\/www.ifbaiano.edu.br\/unidades\/lapa\/wp-json\/wp\/v2\/posts\/14303"}],"collection":[{"href":"https:\/\/www.ifbaiano.edu.br\/unidades\/lapa\/wp-json\/wp\/v2\/posts"}],"about":[{"href":"https:\/\/www.ifbaiano.edu.br\/unidades\/lapa\/wp-json\/wp\/v2\/types\/post"}],"author":[{"embeddable":true,"href":"https:\/\/www.ifbaiano.edu.br\/unidades\/lapa\/wp-json\/wp\/v2\/users\/100"}],"replies":[{"embeddable":true,"href":"https:\/\/www.ifbaiano.edu.br\/unidades\/lapa\/wp-json\/wp\/v2\/comments?post=14303"}],"version-history":[{"count":3,"href":"https:\/\/www.ifbaiano.edu.br\/unidades\/lapa\/wp-json\/wp\/v2\/posts\/14303\/revisions"}],"predecessor-version":[{"id":14316,"href":"https:\/\/www.ifbaiano.edu.br\/unidades\/lapa\/wp-json\/wp\/v2\/posts\/14303\/revisions\/14316"}],"wp:featuredmedia":[{"embeddable":true,"href":"https:\/\/www.ifbaiano.edu.br\/unidades\/lapa\/wp-json\/wp\/v2\/media\/14304"}],"wp:attachment":[{"href":"https:\/\/www.ifbaiano.edu.br\/unidades\/lapa\/wp-json\/wp\/v2\/media?parent=14303"}],"wp:term":[{"taxonomy":"category","embeddable":true,"href":"https:\/\/www.ifbaiano.edu.br\/unidades\/lapa\/wp-json\/wp\/v2\/categories?post=14303"},{"taxonomy":"post_tag","embeddable":true,"href":"https:\/\/www.ifbaiano.edu.br\/unidades\/lapa\/wp-json\/wp\/v2\/tags?post=14303"}],"curies":[{"name":"wp","href":"https:\/\/api.w.org\/{rel}","templated":true}]}}