{"id":14351,"date":"2019-10-03T14:06:43","date_gmt":"2019-10-03T17:06:43","guid":{"rendered":"http:\/\/www.ifbaiano.edu.br\/unidades\/lapa\/?p=14351"},"modified":"2019-10-03T14:10:41","modified_gmt":"2019-10-03T17:10:41","slug":"curso-de-conversacao-basica-em-lingua-inglesa","status":"publish","type":"post","link":"https:\/\/www.ifbaiano.edu.br\/unidades\/lapa\/2019\/10\/03\/curso-de-conversacao-basica-em-lingua-inglesa\/","title":{"rendered":"Curso de Conversa\u00e7\u00e3o B\u00e1sica em L\u00edngua Inglesa"},"content":{"rendered":"\n<p align=\"justify\">Campus Bom Jesus da Lapa abre inscri\u00e7\u00f5es para o curso livre de extens\u00e3o <strong>&#8220;Conversa\u00e7\u00e3o B\u00e1sica em L\u00edngua Inglesa&#8221;<\/strong>.<\/p><strong>Per\u00edodo de realiza\u00e7\u00e3o das inscri\u00e7\u00f5es<\/strong>: 03 a\u00a008 de outubro\u00a0de 2019, atrav\u00e9s do link:\u00a0\u00a0<a rel=\"noreferrer noopener\" href=\"https:\/\/docs.google.com\/forms\/d\/e\/1FAIpQLScUZQwtd_3ZWWAVzuaEhBmz9dKW0f3V1NAd334LOXGg7kardA\/viewform\" target=\"_blank\">Clique aqui<\/a><br><strong>Dias de Realiza\u00e7\u00e3o:<\/strong>\u00a0segundas-feiras (turno vespertino).<br><strong>Per\u00edodo de realiza\u00e7\u00e3o<\/strong>: 14\/10 a\u00a011\/11\/2019<br><strong>P\u00fablico-alvo<\/strong>: Exclusivamente para\u00a0\u00a0Alunos egressos do Ensino M\u00e9dio \/ Alunos de Gradua\u00e7\u00e3o do campus ou da comunidade externa.<br><strong>Coordena\u00e7\u00e3o<\/strong>: ketchen P\u00e2mela dos Santos Gouveia<br><strong>Informa\u00e7\u00f5es e esclarecimentos<\/strong>:\u00a0extensao@lapa.ifbaiano.edu.br.<br>\n","protected":false},"excerpt":{"rendered":"<p>Campus Bom Jesus da Lapa abre inscri\u00e7\u00f5es para o curso livre de extens\u00e3o &#8220;Conversa\u00e7\u00e3o B\u00e1sica em L\u00edngua Inglesa&#8221;. Per\u00edodo de realiza\u00e7\u00e3o das inscri\u00e7\u00f5es: 03 a\u00a008 de outubro\u00a0de 2019, atrav\u00e9s do link:\u00a0\u00a0Clique aquiDias de Realiza\u00e7\u00e3o:\u00a0segundas-feiras (turno vespertino).Per\u00edodo de realiza\u00e7\u00e3o: 14\/10 a\u00a011\/11\/2019P\u00fablico-alvo: Exclusivamente para\u00a0\u00a0Alunos egressos do Ensino M\u00e9dio \/ Alunos de Gradua\u00e7\u00e3o do campus ou da comunidade [&hellip;]<\/p>\n","protected":false},"author":100,"featured_media":0,"comment_status":"open","ping_status":"open","sticky":false,"template":"","format":"standard","meta":[],"categories":[39,24,40,65],"tags":[],"_links":{"self":[{"href":"https:\/\/www.ifbaiano.edu.br\/unidades\/lapa\/wp-json\/wp\/v2\/posts\/14351"}],"collection":[{"href":"https:\/\/www.ifbaiano.edu.br\/unidades\/lapa\/wp-json\/wp\/v2\/posts"}],"about":[{"href":"https:\/\/www.ifbaiano.edu.br\/unidades\/lapa\/wp-json\/wp\/v2\/types\/post"}],"author":[{"embeddable":true,"href":"https:\/\/www.ifbaiano.edu.br\/unidades\/lapa\/wp-json\/wp\/v2\/users\/100"}],"replies":[{"embeddable":true,"href":"https:\/\/www.ifbaiano.edu.br\/unidades\/lapa\/wp-json\/wp\/v2\/comments?post=14351"}],"version-history":[{"count":10,"href":"https:\/\/www.ifbaiano.edu.br\/unidades\/lapa\/wp-json\/wp\/v2\/posts\/14351\/revisions"}],"predecessor-version":[{"id":14538,"href":"https:\/\/www.ifbaiano.edu.br\/unidades\/lapa\/wp-json\/wp\/v2\/posts\/14351\/revisions\/14538"}],"wp:attachment":[{"href":"https:\/\/www.ifbaiano.edu.br\/unidades\/lapa\/wp-json\/wp\/v2\/media?parent=14351"}],"wp:term":[{"taxonomy":"category","embeddable":true,"href":"https:\/\/www.ifbaiano.edu.br\/unidades\/lapa\/wp-json\/wp\/v2\/categories?post=14351"},{"taxonomy":"post_tag","embeddable":true,"href":"https:\/\/www.ifbaiano.edu.br\/unidades\/lapa\/wp-json\/wp\/v2\/tags?post=14351"}],"curies":[{"name":"wp","href":"https:\/\/api.w.org\/{rel}","templated":true}]}}