{"id":1442,"date":"2013-10-02T10:51:38","date_gmt":"2013-10-02T12:51:38","guid":{"rendered":"http:\/\/www.ifbaiano.edu.br\/unidades\/lapa\/?p=1442"},"modified":"2013-10-02T10:51:38","modified_gmt":"2013-10-02T12:51:38","slug":"campus-lapa-participa-de-jogos-escolares-da-rede-publica","status":"publish","type":"post","link":"https:\/\/www.ifbaiano.edu.br\/unidades\/lapa\/2013\/10\/02\/campus-lapa-participa-de-jogos-escolares-da-rede-publica\/","title":{"rendered":"Campus Lapa participa de Jogos Escolares da Rede P\u00fablica"},"content":{"rendered":"<p><strong>Evento aconteceu no dia 27\/09\/2013.<\/strong><\/p>\n<p><!--more--><\/p>\n<p><strong>Foi realizada, em Bom Jesus da Lapa, a II Etapa dos Jogos Escolares da Rede P\u00fablica \u2013 JERP 2013, atividade que se fundamenta em pressupostos considerados de relev\u00e2ncia para a concep\u00e7\u00e3o do trato da cultura corporal e do esporte escolar na educa\u00e7\u00e3o b\u00e1sica, a saber: PARTICIPA\u00c7\u00c3O, DIVERSIDADE, \u00c9TICA, COOPERA\u00c7\u00c3O, REGIONALISMO, EMANCIPA\u00c7\u00c3O.\u00a0<\/strong><\/p>\n<p><strong>Os estudantes do IF Baiano, Campus Bom Jesus da Lapa, participaram ativamente desta etapa, competindo nas modalidades: futsal masculino (categoria C)*, mini-maratona masculino (400 metros) e handebol masculino (categoria C), sendo consagrados campe\u00f5es em todas elas. Dessa forma, foram brilhantemente classificados para a etapa final, que dever\u00e1 ser realizada at\u00e9 o final do ano em curso, com data a ser informada pela Direc 26.<\/strong><\/p>\n<p><strong>Assim, parabenizamos aos nossos atletas pelo maravilhoso desempenho e por terem representado o IF Baiano no JERP, demonstrando a preocupa\u00e7\u00e3o deste Campus no que se refere ao incentivo \u00e0 pr\u00e1tica de atividades esportivas.<\/strong><\/p>\n<div id=\"attachment_1443\" style=\"width: 310px\" class=\"wp-caption aligncenter\"><a href=\"http:\/\/www.ifbaiano.edu.br\/unidades\/lapa\/files\/2013\/10\/foto1.jpg\"><img aria-describedby=\"caption-attachment-1443\" decoding=\"async\" loading=\"lazy\" class=\"size-medium wp-image-1443\" src=\"http:\/\/www.ifbaiano.edu.br\/unidades\/lapa\/files\/2013\/10\/foto1-300x225.jpg\" alt=\"\" width=\"300\" height=\"225\" srcset=\"https:\/\/www.ifbaiano.edu.br\/unidades\/lapa\/files\/2013\/10\/foto1-300x225.jpg 300w, https:\/\/www.ifbaiano.edu.br\/unidades\/lapa\/files\/2013\/10\/foto1-400x300.jpg 400w, https:\/\/www.ifbaiano.edu.br\/unidades\/lapa\/files\/2013\/10\/foto1.jpg 640w\" sizes=\"(max-width: 300px) 100vw, 300px\" \/><\/a><p id=\"caption-attachment-1443\" class=\"wp-caption-text\">Delega\u00e7\u00e3o do Campus Lapa - Futsal<\/p><\/div>\n<p style=\"text-align: left\">Fonte: NEIEC\/NAE<\/p>\n","protected":false},"excerpt":{"rendered":"<p>Evento aconteceu no dia 27\/09\/2013.<\/p>\n","protected":false},"author":41,"featured_media":0,"comment_status":"open","ping_status":"open","sticky":false,"template":"","format":"standard","meta":[],"categories":[30],"tags":[],"_links":{"self":[{"href":"https:\/\/www.ifbaiano.edu.br\/unidades\/lapa\/wp-json\/wp\/v2\/posts\/1442"}],"collection":[{"href":"https:\/\/www.ifbaiano.edu.br\/unidades\/lapa\/wp-json\/wp\/v2\/posts"}],"about":[{"href":"https:\/\/www.ifbaiano.edu.br\/unidades\/lapa\/wp-json\/wp\/v2\/types\/post"}],"author":[{"embeddable":true,"href":"https:\/\/www.ifbaiano.edu.br\/unidades\/lapa\/wp-json\/wp\/v2\/users\/41"}],"replies":[{"embeddable":true,"href":"https:\/\/www.ifbaiano.edu.br\/unidades\/lapa\/wp-json\/wp\/v2\/comments?post=1442"}],"version-history":[{"count":2,"href":"https:\/\/www.ifbaiano.edu.br\/unidades\/lapa\/wp-json\/wp\/v2\/posts\/1442\/revisions"}],"predecessor-version":[{"id":1445,"href":"https:\/\/www.ifbaiano.edu.br\/unidades\/lapa\/wp-json\/wp\/v2\/posts\/1442\/revisions\/1445"}],"wp:attachment":[{"href":"https:\/\/www.ifbaiano.edu.br\/unidades\/lapa\/wp-json\/wp\/v2\/media?parent=1442"}],"wp:term":[{"taxonomy":"category","embeddable":true,"href":"https:\/\/www.ifbaiano.edu.br\/unidades\/lapa\/wp-json\/wp\/v2\/categories?post=1442"},{"taxonomy":"post_tag","embeddable":true,"href":"https:\/\/www.ifbaiano.edu.br\/unidades\/lapa\/wp-json\/wp\/v2\/tags?post=1442"}],"curies":[{"name":"wp","href":"https:\/\/api.w.org\/{rel}","templated":true}]}}