{"id":1458,"date":"2013-10-04T17:18:57","date_gmt":"2013-10-04T19:18:57","guid":{"rendered":"http:\/\/www.ifbaiano.edu.br\/unidades\/lapa\/?p=1458"},"modified":"2013-10-04T17:18:57","modified_gmt":"2013-10-04T19:18:57","slug":"realizada-primeira-reuniao-do-conselho-de-representantes-de-turma","status":"publish","type":"post","link":"https:\/\/www.ifbaiano.edu.br\/unidades\/lapa\/2013\/10\/04\/realizada-primeira-reuniao-do-conselho-de-representantes-de-turma\/","title":{"rendered":"Realizada primeira reuni\u00e3o do Conselho de Representantes de Turma"},"content":{"rendered":"<p>A reuni\u00e3o envolveu representantes de todas as turmas.<!--more--><\/p>\n<p>No dia 03\/10, no Departamento Pedag\u00f3gico do Campus Bom Jesus da Lapa, foi realizada a primeira reuni\u00e3o entre os discentes que integram o Conselho de Representantes de Turmas, que foram eleitos pelos pares.<br \/>\nNa ocasi\u00e3o, o NAE informou que cada membro do Conselho possui atribui\u00e7\u00f5es importantes, como a de representar o corpo discente em reuni\u00f5es junto \u00e0 Coordena\u00e7\u00e3o de curso e em outras a\u00e7\u00f5es demandadas, levando sugest\u00f5es, questionamentos e\/ou posicionamentos da maioria dos de sua turma.<br \/>\nDurante a reuni\u00e3o, o Conselho de Representantes discutiu o plano de trabalho a ser adotado para a cria\u00e7\u00e3o do Gr\u00eamio Estudantil, pois a organiza\u00e7\u00e3o estudantil \u00e9 importante na luta por uma educa\u00e7\u00e3o cada vez melhor e mais participativa.<br \/>\nA discente N\u00e1gila Waldvogel teceu considera\u00e7\u00f5es importantes ap\u00f3s a reuni\u00e3o:<br \/>\n&#8220;Este momento foi fundamental para a intera\u00e7\u00e3o entre os representantes de turma, bem como para conhecer as atribui\u00e7\u00f5es de cada um, para que seja dado prosseguimento aos trabalhos a serem desenvolvidos para a cria\u00e7\u00e3o do Gr\u00eamio Estudantil do campus Bom Jesus da Lapa&#8221;.<\/p>\n<div id=\"attachment_1459\" style=\"width: 310px\" class=\"wp-caption aligncenter\"><a href=\"http:\/\/www.ifbaiano.edu.br\/unidades\/lapa\/files\/2013\/10\/foto_gremio.jpg\"><img aria-describedby=\"caption-attachment-1459\" decoding=\"async\" loading=\"lazy\" class=\"size-medium wp-image-1459\" src=\"http:\/\/www.ifbaiano.edu.br\/unidades\/lapa\/files\/2013\/10\/foto_gremio-300x200.jpg\" alt=\"\" width=\"300\" height=\"200\" srcset=\"https:\/\/www.ifbaiano.edu.br\/unidades\/lapa\/files\/2013\/10\/foto_gremio-300x200.jpg 300w, https:\/\/www.ifbaiano.edu.br\/unidades\/lapa\/files\/2013\/10\/foto_gremio-1024x682.jpg 1024w, https:\/\/www.ifbaiano.edu.br\/unidades\/lapa\/files\/2013\/10\/foto_gremio-400x266.jpg 400w\" sizes=\"(max-width: 300px) 100vw, 300px\" \/><\/a><p id=\"caption-attachment-1459\" class=\"wp-caption-text\">Representantes eleitos<\/p><\/div>\n<p>FONTE: NAE<\/p>\n","protected":false},"excerpt":{"rendered":"<p>A reuni\u00e3o envolveu representantes de todas as turmas.<\/p>\n","protected":false},"author":41,"featured_media":0,"comment_status":"open","ping_status":"open","sticky":false,"template":"","format":"standard","meta":[],"categories":[30],"tags":[],"_links":{"self":[{"href":"https:\/\/www.ifbaiano.edu.br\/unidades\/lapa\/wp-json\/wp\/v2\/posts\/1458"}],"collection":[{"href":"https:\/\/www.ifbaiano.edu.br\/unidades\/lapa\/wp-json\/wp\/v2\/posts"}],"about":[{"href":"https:\/\/www.ifbaiano.edu.br\/unidades\/lapa\/wp-json\/wp\/v2\/types\/post"}],"author":[{"embeddable":true,"href":"https:\/\/www.ifbaiano.edu.br\/unidades\/lapa\/wp-json\/wp\/v2\/users\/41"}],"replies":[{"embeddable":true,"href":"https:\/\/www.ifbaiano.edu.br\/unidades\/lapa\/wp-json\/wp\/v2\/comments?post=1458"}],"version-history":[{"count":2,"href":"https:\/\/www.ifbaiano.edu.br\/unidades\/lapa\/wp-json\/wp\/v2\/posts\/1458\/revisions"}],"predecessor-version":[{"id":1461,"href":"https:\/\/www.ifbaiano.edu.br\/unidades\/lapa\/wp-json\/wp\/v2\/posts\/1458\/revisions\/1461"}],"wp:attachment":[{"href":"https:\/\/www.ifbaiano.edu.br\/unidades\/lapa\/wp-json\/wp\/v2\/media?parent=1458"}],"wp:term":[{"taxonomy":"category","embeddable":true,"href":"https:\/\/www.ifbaiano.edu.br\/unidades\/lapa\/wp-json\/wp\/v2\/categories?post=1458"},{"taxonomy":"post_tag","embeddable":true,"href":"https:\/\/www.ifbaiano.edu.br\/unidades\/lapa\/wp-json\/wp\/v2\/tags?post=1458"}],"curies":[{"name":"wp","href":"https:\/\/api.w.org\/{rel}","templated":true}]}}