{"id":14585,"date":"2019-10-08T07:49:36","date_gmt":"2019-10-08T10:49:36","guid":{"rendered":"http:\/\/www.ifbaiano.edu.br\/unidades\/lapa\/?p=14585"},"modified":"2019-10-08T06:51:37","modified_gmt":"2019-10-08T09:51:37","slug":"selecao-de-monitores-para-o-projeto-mulheres-conectadas","status":"publish","type":"post","link":"https:\/\/www.ifbaiano.edu.br\/unidades\/lapa\/2019\/10\/08\/selecao-de-monitores-para-o-projeto-mulheres-conectadas\/","title":{"rendered":"Sele\u00e7\u00e3o de Monitores para o Projeto Mulheres Conectadas"},"content":{"rendered":"\n<p align=\"justify\">Ser\u00e3o selecionados 5 monitores para atuar como colaboradores do projeto Mulheres Conectadas. Os monitores dever\u00e3o ser alunos com conhecimentos b\u00e1sicos de inform\u00e1tica e disponibilidade de tempo \u00e0s quintas-feiras no turno matutino, durante o per\u00edodo de outubro a novembro de 2019. Para se inscrever, os monitores dever\u00e3o enviar um e-mail para: extensao@lapa.ifbaiano.edu.br, informando: nome completo, CPF, RG, curso e turma.<\/p>\n\n\n\n<figure class=\"wp-block-image\"><img decoding=\"async\" loading=\"lazy\" width=\"1080\" height=\"1080\" src=\"http:\/\/www.ifbaiano.edu.br\/unidades\/lapa\/files\/2019\/10\/Mulheres_Conectadas.jpeg\" alt=\"\" class=\"wp-image-14586\" \/><\/figure>\n","protected":false},"excerpt":{"rendered":"<p>Ser\u00e3o selecionados 5 monitores para atuar como colaboradores do projeto Mulheres Conectadas. Os monitores dever\u00e3o ser alunos com conhecimentos b\u00e1sicos de inform\u00e1tica e disponibilidade de tempo \u00e0s quintas-feiras no turno matutino, durante o per\u00edodo de outubro a novembro de 2019. Para se inscrever, os monitores dever\u00e3o enviar um e-mail para: extensao@lapa.ifbaiano.edu.br, informando: nome completo, CPF, [&hellip;]<\/p>\n","protected":false},"author":100,"featured_media":14586,"comment_status":"open","ping_status":"open","sticky":false,"template":"","format":"standard","meta":[],"categories":[34,24,40,65],"tags":[],"_links":{"self":[{"href":"https:\/\/www.ifbaiano.edu.br\/unidades\/lapa\/wp-json\/wp\/v2\/posts\/14585"}],"collection":[{"href":"https:\/\/www.ifbaiano.edu.br\/unidades\/lapa\/wp-json\/wp\/v2\/posts"}],"about":[{"href":"https:\/\/www.ifbaiano.edu.br\/unidades\/lapa\/wp-json\/wp\/v2\/types\/post"}],"author":[{"embeddable":true,"href":"https:\/\/www.ifbaiano.edu.br\/unidades\/lapa\/wp-json\/wp\/v2\/users\/100"}],"replies":[{"embeddable":true,"href":"https:\/\/www.ifbaiano.edu.br\/unidades\/lapa\/wp-json\/wp\/v2\/comments?post=14585"}],"version-history":[{"count":1,"href":"https:\/\/www.ifbaiano.edu.br\/unidades\/lapa\/wp-json\/wp\/v2\/posts\/14585\/revisions"}],"predecessor-version":[{"id":14587,"href":"https:\/\/www.ifbaiano.edu.br\/unidades\/lapa\/wp-json\/wp\/v2\/posts\/14585\/revisions\/14587"}],"wp:featuredmedia":[{"embeddable":true,"href":"https:\/\/www.ifbaiano.edu.br\/unidades\/lapa\/wp-json\/wp\/v2\/media\/14586"}],"wp:attachment":[{"href":"https:\/\/www.ifbaiano.edu.br\/unidades\/lapa\/wp-json\/wp\/v2\/media?parent=14585"}],"wp:term":[{"taxonomy":"category","embeddable":true,"href":"https:\/\/www.ifbaiano.edu.br\/unidades\/lapa\/wp-json\/wp\/v2\/categories?post=14585"},{"taxonomy":"post_tag","embeddable":true,"href":"https:\/\/www.ifbaiano.edu.br\/unidades\/lapa\/wp-json\/wp\/v2\/tags?post=14585"}],"curies":[{"name":"wp","href":"https:\/\/api.w.org\/{rel}","templated":true}]}}