{"id":14649,"date":"2019-10-11T07:58:31","date_gmt":"2019-10-11T10:58:31","guid":{"rendered":"http:\/\/www.ifbaiano.edu.br\/unidades\/lapa\/?p=14649"},"modified":"2019-10-16T13:02:54","modified_gmt":"2019-10-16T16:02:54","slug":"abertas-as-inscricoes-para-o-dia-da-ciencia-e-tecnologia-2019","status":"publish","type":"post","link":"https:\/\/www.ifbaiano.edu.br\/unidades\/lapa\/2019\/10\/11\/abertas-as-inscricoes-para-o-dia-da-ciencia-e-tecnologia-2019\/","title":{"rendered":"Abertas as inscri\u00e7\u00f5es para o Dia da Ci\u00eancia e Tecnologia 2019"},"content":{"rendered":"\n<p align=\"justify\">\nEst\u00e3o abertas at\u00e9 o dia&nbsp;20 de outubro, as inscri\u00e7\u00f5es para o&nbsp;<strong>Dia da Ci\u00eancia e Tecnologia 2019<\/strong>. O evento ocorrer\u00e1 no IF Baiano &#8211;&nbsp;<em>Campus<\/em>&nbsp;Bom Jesus da Lapa no dia&nbsp;22 de outubro&nbsp;e&nbsp;ter\u00e1 como p\u00fablico-alvo estudantes&nbsp;dos cursos subsequentes e integrados, bem como servidores&nbsp;do&nbsp;<em>campus<\/em>.<br>O Dia da Ci\u00eancia, como est\u00e1 sendo nomeado, contar\u00e1 com palestras, exibi\u00e7\u00e3o de projetos e trabalhos desenvolvidos no campus, al\u00e9m de oferecer oficinas em diversas \u00e1reas do conhecimento.&nbsp;&nbsp;<br>As inscri\u00e7\u00f5es ser\u00e3o realizadas no seguinte link:&nbsp;<a href=\"https:\/\/forms.gle\/7yJKypsp3tSCYBNz8\" target=\"_blank\" rel=\"noreferrer noopener\">INSCREVA-SE AQUI.<\/a><br>\nFonte: Coordena\u00e7\u00e3o de Pesquisa\n<\/p>\n\n\n\n<figure class=\"wp-block-image\"><img decoding=\"async\" loading=\"lazy\" width=\"1280\" height=\"720\" src=\"http:\/\/www.ifbaiano.edu.br\/unidades\/lapa\/files\/2019\/10\/Dia_ciencia_tecnolgia.jpeg\" alt=\"\" class=\"wp-image-14651\" \/><\/figure>\n","protected":false},"excerpt":{"rendered":"<p>Est\u00e3o abertas at\u00e9 o dia&nbsp;20 de outubro, as inscri\u00e7\u00f5es para o&nbsp;Dia da Ci\u00eancia e Tecnologia 2019. O evento ocorrer\u00e1 no IF Baiano &#8211;&nbsp;Campus&nbsp;Bom Jesus da Lapa no dia&nbsp;22 de outubro&nbsp;e&nbsp;ter\u00e1 como p\u00fablico-alvo estudantes&nbsp;dos cursos subsequentes e integrados, bem como servidores&nbsp;do&nbsp;campus.O Dia da Ci\u00eancia, como est\u00e1 sendo nomeado, contar\u00e1 com palestras, exibi\u00e7\u00e3o de projetos e trabalhos [&hellip;]<\/p>\n","protected":false},"author":100,"featured_media":14651,"comment_status":"open","ping_status":"open","sticky":false,"template":"","format":"standard","meta":[],"categories":[24,68,40,69,65],"tags":[],"_links":{"self":[{"href":"https:\/\/www.ifbaiano.edu.br\/unidades\/lapa\/wp-json\/wp\/v2\/posts\/14649"}],"collection":[{"href":"https:\/\/www.ifbaiano.edu.br\/unidades\/lapa\/wp-json\/wp\/v2\/posts"}],"about":[{"href":"https:\/\/www.ifbaiano.edu.br\/unidades\/lapa\/wp-json\/wp\/v2\/types\/post"}],"author":[{"embeddable":true,"href":"https:\/\/www.ifbaiano.edu.br\/unidades\/lapa\/wp-json\/wp\/v2\/users\/100"}],"replies":[{"embeddable":true,"href":"https:\/\/www.ifbaiano.edu.br\/unidades\/lapa\/wp-json\/wp\/v2\/comments?post=14649"}],"version-history":[{"count":4,"href":"https:\/\/www.ifbaiano.edu.br\/unidades\/lapa\/wp-json\/wp\/v2\/posts\/14649\/revisions"}],"predecessor-version":[{"id":14842,"href":"https:\/\/www.ifbaiano.edu.br\/unidades\/lapa\/wp-json\/wp\/v2\/posts\/14649\/revisions\/14842"}],"wp:featuredmedia":[{"embeddable":true,"href":"https:\/\/www.ifbaiano.edu.br\/unidades\/lapa\/wp-json\/wp\/v2\/media\/14651"}],"wp:attachment":[{"href":"https:\/\/www.ifbaiano.edu.br\/unidades\/lapa\/wp-json\/wp\/v2\/media?parent=14649"}],"wp:term":[{"taxonomy":"category","embeddable":true,"href":"https:\/\/www.ifbaiano.edu.br\/unidades\/lapa\/wp-json\/wp\/v2\/categories?post=14649"},{"taxonomy":"post_tag","embeddable":true,"href":"https:\/\/www.ifbaiano.edu.br\/unidades\/lapa\/wp-json\/wp\/v2\/tags?post=14649"}],"curies":[{"name":"wp","href":"https:\/\/api.w.org\/{rel}","templated":true}]}}