{"id":14662,"date":"2019-10-15T10:45:56","date_gmt":"2019-10-15T13:45:56","guid":{"rendered":"http:\/\/www.ifbaiano.edu.br\/unidades\/lapa\/?p=14662"},"modified":"2019-10-16T13:01:46","modified_gmt":"2019-10-16T16:01:46","slug":"inscricoes-para-o-dia-da-ciencia-e-tecnologia","status":"publish","type":"post","link":"https:\/\/www.ifbaiano.edu.br\/unidades\/lapa\/2019\/10\/15\/inscricoes-para-o-dia-da-ciencia-e-tecnologia\/","title":{"rendered":"Inscri\u00e7\u00f5es para o Dia da Ci\u00eancia e Tecnologia"},"content":{"rendered":"\n<p align=\"justify\"> &#8220;Dia da Ci\u00eancia e Tecnologia&#8221; no Instituto Federal Baiano de Bom Jesus da Lapa.<br>Exposi\u00e7\u00f5es. Experimentos. Palestras e muito mais! Confira nossa programa\u00e7\u00e3o e se inscreva em uma de nossas oficinas<br><span style=\"text-transform:uppercase\"><a href=\"https:\/\/docs.google.com\/forms\/d\/e\/1FAIpQLSf0mgakYrq7toWApr_HSZYlswayQaD2nL46Zh_XytwdV25bUw\/viewform\" target=\"_blank\" rel=\"noreferrer noopener\" aria-label=\" (abre numa nova aba)\" title=\"Inscri\u00e7\u00f5es para Dia da Ci\u00eancia e Tecnologia\">Inscri\u00e7\u00f5es<\/a><\/span><\/p>\n\n\n\n<figure class=\"wp-block-image\"><img decoding=\"async\" loading=\"lazy\" width=\"793\" height=\"1122\" src=\"http:\/\/www.ifbaiano.edu.br\/unidades\/lapa\/files\/2019\/10\/Cartaz_Dia_Ciencia_Tecnologia.jpeg\" alt=\"\" class=\"wp-image-14667\" \/><\/figure>\n","protected":false},"excerpt":{"rendered":"<p>&#8220;Dia da Ci\u00eancia e Tecnologia&#8221; no Instituto Federal Baiano de Bom Jesus da Lapa.Exposi\u00e7\u00f5es. Experimentos. Palestras e muito mais! Confira nossa programa\u00e7\u00e3o e se inscreva em uma de nossas oficinasInscri\u00e7\u00f5es<\/p>\n","protected":false},"author":100,"featured_media":14667,"comment_status":"open","ping_status":"open","sticky":false,"template":"","format":"standard","meta":[],"categories":[24,40,65],"tags":[],"_links":{"self":[{"href":"https:\/\/www.ifbaiano.edu.br\/unidades\/lapa\/wp-json\/wp\/v2\/posts\/14662"}],"collection":[{"href":"https:\/\/www.ifbaiano.edu.br\/unidades\/lapa\/wp-json\/wp\/v2\/posts"}],"about":[{"href":"https:\/\/www.ifbaiano.edu.br\/unidades\/lapa\/wp-json\/wp\/v2\/types\/post"}],"author":[{"embeddable":true,"href":"https:\/\/www.ifbaiano.edu.br\/unidades\/lapa\/wp-json\/wp\/v2\/users\/100"}],"replies":[{"embeddable":true,"href":"https:\/\/www.ifbaiano.edu.br\/unidades\/lapa\/wp-json\/wp\/v2\/comments?post=14662"}],"version-history":[{"count":7,"href":"https:\/\/www.ifbaiano.edu.br\/unidades\/lapa\/wp-json\/wp\/v2\/posts\/14662\/revisions"}],"predecessor-version":[{"id":14841,"href":"https:\/\/www.ifbaiano.edu.br\/unidades\/lapa\/wp-json\/wp\/v2\/posts\/14662\/revisions\/14841"}],"wp:featuredmedia":[{"embeddable":true,"href":"https:\/\/www.ifbaiano.edu.br\/unidades\/lapa\/wp-json\/wp\/v2\/media\/14667"}],"wp:attachment":[{"href":"https:\/\/www.ifbaiano.edu.br\/unidades\/lapa\/wp-json\/wp\/v2\/media?parent=14662"}],"wp:term":[{"taxonomy":"category","embeddable":true,"href":"https:\/\/www.ifbaiano.edu.br\/unidades\/lapa\/wp-json\/wp\/v2\/categories?post=14662"},{"taxonomy":"post_tag","embeddable":true,"href":"https:\/\/www.ifbaiano.edu.br\/unidades\/lapa\/wp-json\/wp\/v2\/tags?post=14662"}],"curies":[{"name":"wp","href":"https:\/\/api.w.org\/{rel}","templated":true}]}}