{"id":1476,"date":"2013-10-21T12:17:34","date_gmt":"2013-10-21T14:17:34","guid":{"rendered":"http:\/\/www.ifbaiano.edu.br\/unidades\/lapa\/?p=1476"},"modified":"2013-10-21T12:30:23","modified_gmt":"2013-10-21T14:30:23","slug":"campus-lapa-inicia-as-atividades-em-sua-sede-propria","status":"publish","type":"post","link":"https:\/\/www.ifbaiano.edu.br\/unidades\/lapa\/2013\/10\/21\/campus-lapa-inicia-as-atividades-em-sua-sede-propria\/","title":{"rendered":"Campus Lapa inicia as atividades em sua sede pr\u00f3pria"},"content":{"rendered":"<p>&nbsp;<\/p>\n<p>&nbsp;<\/p>\n<p><a href=\"http:\/\/www.ifbaiano.edu.br\/unidades\/lapa\/files\/2013\/10\/FOTO-1.jpg\"><img decoding=\"async\" loading=\"lazy\" class=\"aligncenter size-medium wp-image-1488\" src=\"http:\/\/www.ifbaiano.edu.br\/unidades\/lapa\/files\/2013\/10\/FOTO-1-300x184.jpg\" alt=\"\" width=\"300\" height=\"184\" srcset=\"https:\/\/www.ifbaiano.edu.br\/unidades\/lapa\/files\/2013\/10\/FOTO-1-300x184.jpg 300w, https:\/\/www.ifbaiano.edu.br\/unidades\/lapa\/files\/2013\/10\/FOTO-1-400x245.jpg 400w, https:\/\/www.ifbaiano.edu.br\/unidades\/lapa\/files\/2013\/10\/FOTO-1.jpg 960w\" sizes=\"(max-width: 300px) 100vw, 300px\" \/><\/a>A ocasi\u00e3o foi muito esperada por alunos e servidores.<\/p>\n<p><!--more--><\/p>\n<p>Tiveram in\u00edcio hoje, 21 de outubro de 2013, as aulas na sede pr\u00f3pria do Campus Bom Jesus da Lapa. A ocasi\u00e3o foi marcada pelo pronunciamento do Diretor Geral do Campus, professor Ariomar Rodrigues dos Santos, que, ao saudar os alunos, apresentou a estrutura do <em>Campus<\/em>, fez um breve retrospecto do andamento das obras de sua constru\u00e7\u00e3o e apresentou uma mensagem motivacional. Foi realizada tamb\u00e9m uma apresenta\u00e7\u00e3o musical com o professor de m\u00fasica do Campus, Vasni Filho.<\/p>\n<p>Para a aluna do Curso T\u00e9cnico em Inform\u00e1tica, Milca Barbosa Bezerra, estudar no novo Campus \u201crepresenta uma nova etapa de vida, pois com uma estrutura melhor, o curso oferecido acaba sendo de maior qualidade. H\u00e1 espa\u00e7os maiores para estudo e nos sentiremos a vontade em casa pr\u00f3pria. O campus \u00e9 um espa\u00e7o onde se obt\u00e9m n\u00e3o apenas conhecimentos, mas se fortalecem os la\u00e7os de amizade e a aquisi\u00e7\u00e3o da cultura\u201d.<\/p>\n<p>J\u00e1 a servidora Mirian Alves Pereira, ressalta que \u201co <em>Campus<\/em> representa um progresso significativo no \u00e2mbito educacional de Bom Jesus da Lapa e regi\u00e3o. A comunidade discente do Campus passa a contar com uma infraestrutura singular, equiparada \u00e0 qualidade da educa\u00e7\u00e3o p\u00fablica oferecida pelo IF Baiano.\u201d<\/p>\n<p>A inaugura\u00e7\u00e3o oficial do Campus ocorrer\u00e1 no pr\u00f3ximo dia 22 de novembro de 2013. Para o evento j\u00e1 est\u00e1 confirmada a participa\u00e7\u00e3o do Governador do Estado e cogita-se a presen\u00e7a da Presidenta Dilma.<\/p>\n\n\t\t<style type=\"text\/css\">\n\t\t\t#gallery-1 {\n\t\t\t\tmargin: auto;\n\t\t\t}\n\t\t\t#gallery-1 .gallery-item {\n\t\t\t\tfloat: left;\n\t\t\t\tmargin-top: 10px;\n\t\t\t\ttext-align: center;\n\t\t\t\twidth: 50%;\n\t\t\t}\n\t\t\t#gallery-1 img {\n\t\t\t\tborder: 2px solid #cfcfcf;\n\t\t\t}\n\t\t\t#gallery-1 .gallery-caption {\n\t\t\t\tmargin-left: 0;\n\t\t\t}\n\t\t\t\/* see gallery_shortcode() in wp-includes\/media.php *\/\n\t\t<\/style>\n\t\t<div id='gallery-1' class='gallery galleryid-1476 gallery-columns-2 gallery-size-thumbnail'><dl class='gallery-item'>\n\t\t\t<dt class='gallery-icon landscape'>\n\t\t\t\t<a href='https:\/\/www.ifbaiano.edu.br\/unidades\/lapa\/files\/2013\/10\/essa1.jpg'><img width=\"150\" height=\"150\" src=\"https:\/\/www.ifbaiano.edu.br\/unidades\/lapa\/files\/2013\/10\/essa1-150x150.jpg\" class=\"attachment-thumbnail size-thumbnail\" alt=\"\" decoding=\"async\" loading=\"lazy\" \/><\/a>\n\t\t\t<\/dt><\/dl><dl class='gallery-item'>\n\t\t\t<dt class='gallery-icon landscape'>\n\t\t\t\t<a href='https:\/\/www.ifbaiano.edu.br\/unidades\/lapa\/files\/2013\/10\/essa2.jpg'><img width=\"150\" height=\"150\" src=\"https:\/\/www.ifbaiano.edu.br\/unidades\/lapa\/files\/2013\/10\/essa2-150x150.jpg\" class=\"attachment-thumbnail size-thumbnail\" alt=\"\" decoding=\"async\" loading=\"lazy\" \/><\/a>\n\t\t\t<\/dt><\/dl><br style=\"clear: both\" \/><dl class='gallery-item'>\n\t\t\t<dt class='gallery-icon landscape'>\n\t\t\t\t<a href='https:\/\/www.ifbaiano.edu.br\/unidades\/lapa\/files\/2013\/10\/essa3.jpg'><img width=\"150\" height=\"150\" src=\"https:\/\/www.ifbaiano.edu.br\/unidades\/lapa\/files\/2013\/10\/essa3-150x150.jpg\" class=\"attachment-thumbnail size-thumbnail\" alt=\"\" decoding=\"async\" loading=\"lazy\" \/><\/a>\n\t\t\t<\/dt><\/dl><dl class='gallery-item'>\n\t\t\t<dt class='gallery-icon landscape'>\n\t\t\t\t<a href='https:\/\/www.ifbaiano.edu.br\/unidades\/lapa\/files\/2013\/10\/FOTO-1.jpg'><img width=\"150\" height=\"150\" src=\"https:\/\/www.ifbaiano.edu.br\/unidades\/lapa\/files\/2013\/10\/FOTO-1-150x150.jpg\" class=\"attachment-thumbnail size-thumbnail\" alt=\"\" decoding=\"async\" loading=\"lazy\" \/><\/a>\n\t\t\t<\/dt><\/dl><br style=\"clear: both\" \/>\n\t\t<\/div>\n\n<p><img decoding=\"async\" src=\"http:\/\/www.ifbaiano.edu.br\/unidades\/lapa\/wp-includes\/js\/tinymce\/plugins\/wpgallery\/img\/t.gif\" alt=\"\" \/><\/p>\n<p>Fonte: Gabinete \u2013 Campus Bom Jesus da Lapa<\/p>\n","protected":false},"excerpt":{"rendered":"<p>&nbsp; &nbsp; A ocasi\u00e3o foi muito esperada por alunos e servidores.<\/p>\n","protected":false},"author":41,"featured_media":0,"comment_status":"open","ping_status":"open","sticky":false,"template":"","format":"standard","meta":[],"categories":[24],"tags":[],"_links":{"self":[{"href":"https:\/\/www.ifbaiano.edu.br\/unidades\/lapa\/wp-json\/wp\/v2\/posts\/1476"}],"collection":[{"href":"https:\/\/www.ifbaiano.edu.br\/unidades\/lapa\/wp-json\/wp\/v2\/posts"}],"about":[{"href":"https:\/\/www.ifbaiano.edu.br\/unidades\/lapa\/wp-json\/wp\/v2\/types\/post"}],"author":[{"embeddable":true,"href":"https:\/\/www.ifbaiano.edu.br\/unidades\/lapa\/wp-json\/wp\/v2\/users\/41"}],"replies":[{"embeddable":true,"href":"https:\/\/www.ifbaiano.edu.br\/unidades\/lapa\/wp-json\/wp\/v2\/comments?post=1476"}],"version-history":[{"count":6,"href":"https:\/\/www.ifbaiano.edu.br\/unidades\/lapa\/wp-json\/wp\/v2\/posts\/1476\/revisions"}],"predecessor-version":[{"id":1489,"href":"https:\/\/www.ifbaiano.edu.br\/unidades\/lapa\/wp-json\/wp\/v2\/posts\/1476\/revisions\/1489"}],"wp:attachment":[{"href":"https:\/\/www.ifbaiano.edu.br\/unidades\/lapa\/wp-json\/wp\/v2\/media?parent=1476"}],"wp:term":[{"taxonomy":"category","embeddable":true,"href":"https:\/\/www.ifbaiano.edu.br\/unidades\/lapa\/wp-json\/wp\/v2\/categories?post=1476"},{"taxonomy":"post_tag","embeddable":true,"href":"https:\/\/www.ifbaiano.edu.br\/unidades\/lapa\/wp-json\/wp\/v2\/tags?post=1476"}],"curies":[{"name":"wp","href":"https:\/\/api.w.org\/{rel}","templated":true}]}}