{"id":14812,"date":"2019-10-16T08:22:09","date_gmt":"2019-10-16T11:22:09","guid":{"rendered":"http:\/\/www.ifbaiano.edu.br\/unidades\/lapa\/?p=14812"},"modified":"2019-10-16T22:33:11","modified_gmt":"2019-10-17T01:33:11","slug":"delegacao-de-alunos-e-servidores-do-campus-bom-jesus-da-lapa-participam-da-mostra-de-iniciacao-cientifica-e-seminario-de-extensao-inovacao-e-cultura-2019","status":"publish","type":"post","link":"https:\/\/www.ifbaiano.edu.br\/unidades\/lapa\/2019\/10\/16\/delegacao-de-alunos-e-servidores-do-campus-bom-jesus-da-lapa-participam-da-mostra-de-iniciacao-cientifica-e-seminario-de-extensao-inovacao-e-cultura-2019\/","title":{"rendered":"Delega\u00e7\u00e3o de alunos e servidores do Campus Bom Jesus da Lapa participam da Mostra de Inicia\u00e7\u00e3o Cient\u00edfica e Semin\u00e1rio de Extens\u00e3o, Inova\u00e7\u00e3o e Cultura 2019"},"content":{"rendered":"\n<p align=\"justify\">Uma delega\u00e7\u00e3o de\nalunos e servidores do Campus Bom Jesus da Lapa participou, no\nper\u00edodo de 02 a 03 de outubro de 2019, da Mostra de Inicia\u00e7\u00e3o\nCient\u00edfica e Semin\u00e1rio de Extens\u00e3o, Inova\u00e7\u00e3o e Cultura 2019, que\nocorreu no Campus Senhor do Bonfim, com o tema \u201cBioeconomia:\nDiversidade e Riqueza para o Desenvolvimento Sustent\u00e1vel\u201d. O\nevento \u00e9 realizado pelas Pr\u00f3-Reitorias de Pesquisa e Extens\u00e3o e\nbusca difundir o conhecimento cient\u00edfico, atrav\u00e9s do est\u00edmulo ao\ndesenvolvimento de projetos de pesquisa e extens\u00e3o, mediante o\nfinanciamento anual de a\u00e7\u00f5es e programas.<br>\nNa categoria\nExtens\u00e3o, foram 07 projetos participantes. Na categoria pesquisa,\n03. As apresenta\u00e7\u00f5es ocorreram na forma de comunica\u00e7\u00e3o oral e\nexposi\u00e7\u00e3o de p\u00f4steres. O Campus Bom Jesus da Lapa recebeu duas\npremia\u00e7\u00f5es: O projeto de Pesquisa Caracteriza\u00e7\u00e3o f\u00edsico-h\u00eddrica\ndo solo em \u00e1rea de cultivo de citros no semi\u00e1rido baiano,\ncoordenado pelo prof. Ant\u00f4nio H\u00e9lder Rodrigues Sampaio, foi\navaliado em segundo lugar na categoria comunica\u00e7\u00e3o oral. O projeto de\nExtens\u00e3o Constru\u00e7\u00e3o participativas de indicadores de qualidade do\nsolo para agroecossistemas familiares em transi\u00e7\u00e3o agroecol\u00f3gica\nsituados nos Munic\u00edpios de Serra do Ramalho e Bom Jesus da Lapa,\ncoordenado pelo prof. Emerson Alves dos Santos, recebeu o primeiro\nlugar na categoria p\u00f4ster. <br>\nPara a estudante Solange Ferreira,\nbolsista de extens\u00e3o, o sentimento que fica ap\u00f3s esta premia\u00e7\u00e3o\n\u201c\u00c9 de uma imensa felicidade, pois simboliza o reconhecimento de um\ntrabalho desenvolvido por um ano em comunidades rurais da qual\nfazemos parte.\u201d Solange destaca ainda o papel da extens\u00e3o no\ndesenvolvimento social, refor\u00e7ando que \u201ctem sido gratificante\ncontribuir, de alguma forma, para a melhoria dos sistemas produtivos\ndos agricultores familiares do m\u00e9dio S\u00e3o Francisco.  A extens\u00e3o\ntem sido complementar \u00e0 pesquisa, tornando mais participativa e\nprazerosa a nossa intera\u00e7\u00e3o com a Comunidade.\u201d. J\u00e1 o estudante\nGivanilson Pereira, tamb\u00e9m bolsista de extens\u00e3o, ressalta que o\npr\u00eamio desperta um \u201csentimento de trabalho cumprido com \u00eaxito e\ngrande orgulho de trazer um pr\u00eamio de um evento t\u00e3o importante para\no meu campus. Com o projeto, tivemos a oportunidade de associar a\npesquisa com a extens\u00e3o, fazendo com que os pr\u00f3prios agricultores\navaliassem o solo com mais crit\u00e9rio utilizando m\u00e9todos simples,\npr\u00e1ticos, de f\u00e1cil manuseio e interpreta\u00e7\u00e3o, assim, adotando\nmanejos conservacionistas do solo\u201d.<br>\nTais falas refor\u00e7am o\npapel da extens\u00e3o na forma\u00e7\u00e3o acad\u00eamica, enquanto ferramenta que\nproporciona maturidade intelectual, o engajamento social e o\nfortalecimento do trip\u00e9 com a pesquisa e com a extens\u00e3o.<br>\nEm se\ntratando especificamente da premia\u00e7\u00e3o na categoria projetos de\npesquisa, o prof. Antonio H\u00e9lder pontua os significados que devem\nser atribu\u00eddos a este processo, considerando tratar-se de um\n\u201cincentivo aos alunos para se dedicarem \u00e0 pesquisa e buscarem\nsolu\u00e7\u00f5es inovadoras aos problemas enfrentados pelos agricultores.\u201d\nA aluna Gisele Gon\u00e7alves, bolsista de pesquisa, por sua vez,\nacrescenta que \u201cfoi uma honra representar o Campus Bom Jesus da\nLapa na VI MIC e ter recebido essa premia\u00e7\u00e3o. Percebo que todos os\nesfor\u00e7os valeram a pena. Agrade\u00e7o a premia\u00e7\u00e3o e a compartilho com\ntodos aqueles que contribu\u00edram para a realiza\u00e7\u00e3o desse\ntrabalho.\u201d<br>\nConfiram algumas fotos representativas do evento:<\/p>\n\n\n\n<ul class=\"wp-block-gallery columns-3 is-cropped wp-block-gallery-1 is-layout-flex\"><li class=\"blocks-gallery-item\"><figure><img decoding=\"async\" loading=\"lazy\" width=\"1280\" height=\"960\" src=\"http:\/\/www.ifbaiano.edu.br\/unidades\/lapa\/files\/2019\/10\/MIC_2019-1.jpeg\" alt=\"\" data-id=\"14814\" data-link=\"http:\/\/www.ifbaiano.edu.br\/unidades\/lapa\/?attachment_id=14814\" class=\"wp-image-14814\" \/><\/figure><\/li><li class=\"blocks-gallery-item\"><figure><img decoding=\"async\" loading=\"lazy\" width=\"3456\" height=\"2304\" src=\"http:\/\/www.ifbaiano.edu.br\/unidades\/lapa\/files\/2019\/10\/MIC_2019-1.jpg\" alt=\"\" data-id=\"14815\" data-link=\"http:\/\/www.ifbaiano.edu.br\/unidades\/lapa\/?attachment_id=14815\" class=\"wp-image-14815\" \/><\/figure><\/li><li class=\"blocks-gallery-item\"><figure><img decoding=\"async\" loading=\"lazy\" width=\"1024\" height=\"768\" src=\"http:\/\/www.ifbaiano.edu.br\/unidades\/lapa\/files\/2019\/10\/MIC_2019-2.jpeg\" alt=\"\" data-id=\"14816\" data-link=\"http:\/\/www.ifbaiano.edu.br\/unidades\/lapa\/?attachment_id=14816\" class=\"wp-image-14816\" \/><\/figure><\/li><li class=\"blocks-gallery-item\"><figure><img decoding=\"async\" loading=\"lazy\" width=\"3456\" height=\"2304\" src=\"http:\/\/www.ifbaiano.edu.br\/unidades\/lapa\/files\/2019\/10\/MIC_2019-2.jpg\" alt=\"\" data-id=\"14817\" data-link=\"http:\/\/www.ifbaiano.edu.br\/unidades\/lapa\/?attachment_id=14817\" class=\"wp-image-14817\" \/><\/figure><\/li><li class=\"blocks-gallery-item\"><figure><img decoding=\"async\" loading=\"lazy\" width=\"1280\" height=\"719\" src=\"http:\/\/www.ifbaiano.edu.br\/unidades\/lapa\/files\/2019\/10\/MIC_2019-3.jpeg\" alt=\"\" data-id=\"14818\" data-link=\"http:\/\/www.ifbaiano.edu.br\/unidades\/lapa\/?attachment_id=14818\" class=\"wp-image-14818\" \/><\/figure><\/li><li class=\"blocks-gallery-item\"><figure><img decoding=\"async\" loading=\"lazy\" width=\"3456\" height=\"2304\" src=\"http:\/\/www.ifbaiano.edu.br\/unidades\/lapa\/files\/2019\/10\/MIC_2019-3.jpg\" alt=\"\" data-id=\"14819\" data-link=\"http:\/\/www.ifbaiano.edu.br\/unidades\/lapa\/?attachment_id=14819\" class=\"wp-image-14819\" \/><\/figure><\/li><li class=\"blocks-gallery-item\"><figure><img decoding=\"async\" loading=\"lazy\" width=\"1280\" height=\"1249\" src=\"http:\/\/www.ifbaiano.edu.br\/unidades\/lapa\/files\/2019\/10\/MIC_2019-4.jpeg\" alt=\"\" data-id=\"14820\" data-link=\"http:\/\/www.ifbaiano.edu.br\/unidades\/lapa\/?attachment_id=14820\" class=\"wp-image-14820\" \/><\/figure><\/li><li class=\"blocks-gallery-item\"><figure><img decoding=\"async\" loading=\"lazy\" width=\"3456\" height=\"2304\" src=\"http:\/\/www.ifbaiano.edu.br\/unidades\/lapa\/files\/2019\/10\/MIC_2019-4.jpg\" alt=\"\" data-id=\"14821\" data-link=\"http:\/\/www.ifbaiano.edu.br\/unidades\/lapa\/?attachment_id=14821\" class=\"wp-image-14821\" \/><\/figure><\/li><li class=\"blocks-gallery-item\"><figure><img decoding=\"async\" loading=\"lazy\" width=\"1280\" height=\"960\" src=\"http:\/\/www.ifbaiano.edu.br\/unidades\/lapa\/files\/2019\/10\/MIC_2019-5.jpeg\" alt=\"\" data-id=\"14822\" data-link=\"http:\/\/www.ifbaiano.edu.br\/unidades\/lapa\/?attachment_id=14822\" class=\"wp-image-14822\" \/><\/figure><\/li><li class=\"blocks-gallery-item\"><figure><img decoding=\"async\" loading=\"lazy\" width=\"3456\" height=\"2304\" src=\"http:\/\/www.ifbaiano.edu.br\/unidades\/lapa\/files\/2019\/10\/MIC_2019-5.jpg\" alt=\"\" data-id=\"14823\" data-link=\"http:\/\/www.ifbaiano.edu.br\/unidades\/lapa\/?attachment_id=14823\" class=\"wp-image-14823\" \/><\/figure><\/li><li class=\"blocks-gallery-item\"><figure><img decoding=\"async\" loading=\"lazy\" width=\"960\" height=\"1280\" src=\"http:\/\/www.ifbaiano.edu.br\/unidades\/lapa\/files\/2019\/10\/MIC_2019-6.jpeg\" alt=\"\" data-id=\"14824\" data-link=\"http:\/\/www.ifbaiano.edu.br\/unidades\/lapa\/?attachment_id=14824\" class=\"wp-image-14824\" \/><\/figure><\/li><li class=\"blocks-gallery-item\"><figure><img decoding=\"async\" loading=\"lazy\" width=\"3456\" height=\"2304\" src=\"http:\/\/www.ifbaiano.edu.br\/unidades\/lapa\/files\/2019\/10\/MIC_2019-6.jpg\" alt=\"\" data-id=\"14825\" data-link=\"http:\/\/www.ifbaiano.edu.br\/unidades\/lapa\/?attachment_id=14825\" class=\"wp-image-14825\" \/><\/figure><\/li><li class=\"blocks-gallery-item\"><figure><img decoding=\"async\" loading=\"lazy\" width=\"960\" height=\"1280\" src=\"http:\/\/www.ifbaiano.edu.br\/unidades\/lapa\/files\/2019\/10\/MIC_2019-7.jpeg\" alt=\"\" data-id=\"14826\" data-link=\"http:\/\/www.ifbaiano.edu.br\/unidades\/lapa\/?attachment_id=14826\" class=\"wp-image-14826\" \/><\/figure><\/li><li class=\"blocks-gallery-item\"><figure><img decoding=\"async\" loading=\"lazy\" width=\"3456\" height=\"2304\" src=\"http:\/\/www.ifbaiano.edu.br\/unidades\/lapa\/files\/2019\/10\/MIC_2019-7.jpg\" alt=\"\" data-id=\"14827\" data-link=\"http:\/\/www.ifbaiano.edu.br\/unidades\/lapa\/?attachment_id=14827\" class=\"wp-image-14827\" \/><\/figure><\/li><li class=\"blocks-gallery-item\"><figure><img decoding=\"async\" loading=\"lazy\" width=\"1280\" height=\"1109\" src=\"http:\/\/www.ifbaiano.edu.br\/unidades\/lapa\/files\/2019\/10\/MIC_2019-8.jpeg\" alt=\"\" data-id=\"14828\" data-link=\"http:\/\/www.ifbaiano.edu.br\/unidades\/lapa\/?attachment_id=14828\" class=\"wp-image-14828\" \/><\/figure><\/li><li class=\"blocks-gallery-item\"><figure><img decoding=\"async\" loading=\"lazy\" width=\"3456\" height=\"2304\" src=\"http:\/\/www.ifbaiano.edu.br\/unidades\/lapa\/files\/2019\/10\/MIC_2019-8.jpg\" alt=\"\" data-id=\"14829\" data-link=\"http:\/\/www.ifbaiano.edu.br\/unidades\/lapa\/?attachment_id=14829\" class=\"wp-image-14829\" \/><\/figure><\/li><li class=\"blocks-gallery-item\"><figure><img decoding=\"async\" loading=\"lazy\" width=\"1280\" height=\"720\" src=\"http:\/\/www.ifbaiano.edu.br\/unidades\/lapa\/files\/2019\/10\/MIC_2019-9.jpeg\" alt=\"\" data-id=\"14830\" data-link=\"http:\/\/www.ifbaiano.edu.br\/unidades\/lapa\/?attachment_id=14830\" class=\"wp-image-14830\" \/><\/figure><\/li><li class=\"blocks-gallery-item\"><figure><img decoding=\"async\" loading=\"lazy\" width=\"960\" height=\"1280\" src=\"http:\/\/www.ifbaiano.edu.br\/unidades\/lapa\/files\/2019\/10\/MIC_2019-10.jpeg\" alt=\"\" data-id=\"14831\" data-link=\"http:\/\/www.ifbaiano.edu.br\/unidades\/lapa\/?attachment_id=14831\" class=\"wp-image-14831\" \/><\/figure><\/li><li class=\"blocks-gallery-item\"><figure><img decoding=\"async\" loading=\"lazy\" width=\"720\" height=\"1280\" src=\"http:\/\/www.ifbaiano.edu.br\/unidades\/lapa\/files\/2019\/10\/MIC_2019-11.jpeg\" alt=\"\" data-id=\"14832\" data-link=\"http:\/\/www.ifbaiano.edu.br\/unidades\/lapa\/?attachment_id=14832\" class=\"wp-image-14832\" \/><\/figure><\/li><li class=\"blocks-gallery-item\"><figure><img decoding=\"async\" loading=\"lazy\" width=\"1032\" height=\"581\" src=\"http:\/\/www.ifbaiano.edu.br\/unidades\/lapa\/files\/2019\/10\/MIC_2019-12.jpeg\" alt=\"\" data-id=\"14833\" data-link=\"http:\/\/www.ifbaiano.edu.br\/unidades\/lapa\/?attachment_id=14833\" class=\"wp-image-14833\" \/><\/figure><\/li><li class=\"blocks-gallery-item\"><figure><img decoding=\"async\" loading=\"lazy\" width=\"1280\" height=\"960\" src=\"http:\/\/www.ifbaiano.edu.br\/unidades\/lapa\/files\/2019\/10\/MIC_2019-13.jpeg\" alt=\"\" data-id=\"14834\" data-link=\"http:\/\/www.ifbaiano.edu.br\/unidades\/lapa\/?attachment_id=14834\" class=\"wp-image-14834\" \/><\/figure><\/li><li class=\"blocks-gallery-item\"><figure><img decoding=\"async\" loading=\"lazy\" width=\"960\" height=\"1280\" src=\"http:\/\/www.ifbaiano.edu.br\/unidades\/lapa\/files\/2019\/10\/MIC_2019-14.jpeg\" alt=\"\" data-id=\"14835\" data-link=\"http:\/\/www.ifbaiano.edu.br\/unidades\/lapa\/?attachment_id=14835\" class=\"wp-image-14835\" \/><\/figure><\/li><li class=\"blocks-gallery-item\"><figure><img decoding=\"async\" loading=\"lazy\" width=\"1040\" height=\"780\" src=\"http:\/\/www.ifbaiano.edu.br\/unidades\/lapa\/files\/2019\/10\/MIC_2019-15.jpeg\" alt=\"\" data-id=\"14836\" data-link=\"http:\/\/www.ifbaiano.edu.br\/unidades\/lapa\/?attachment_id=14836\" class=\"wp-image-14836\" \/><\/figure><\/li><li class=\"blocks-gallery-item\"><figure><img decoding=\"async\" loading=\"lazy\" width=\"960\" height=\"1280\" src=\"http:\/\/www.ifbaiano.edu.br\/unidades\/lapa\/files\/2019\/10\/MIC_2019-16.jpeg\" alt=\"\" data-id=\"14837\" data-link=\"http:\/\/www.ifbaiano.edu.br\/unidades\/lapa\/?attachment_id=14837\" class=\"wp-image-14837\" \/><\/figure><\/li><\/ul>\n","protected":false},"excerpt":{"rendered":"<p>Uma delega\u00e7\u00e3o de alunos e servidores do Campus Bom Jesus da Lapa participou, no per\u00edodo de 02 a 03 de outubro de 2019, da Mostra de Inicia\u00e7\u00e3o Cient\u00edfica e Semin\u00e1rio de Extens\u00e3o, Inova\u00e7\u00e3o e Cultura 2019, que ocorreu no Campus Senhor do Bonfim, com o tema \u201cBioeconomia: Diversidade e Riqueza para o Desenvolvimento Sustent\u00e1vel\u201d. O [&hellip;]<\/p>\n","protected":false},"author":100,"featured_media":14816,"comment_status":"open","ping_status":"open","sticky":false,"template":"","format":"standard","meta":[],"categories":[39,30,24,40,65],"tags":[],"_links":{"self":[{"href":"https:\/\/www.ifbaiano.edu.br\/unidades\/lapa\/wp-json\/wp\/v2\/posts\/14812"}],"collection":[{"href":"https:\/\/www.ifbaiano.edu.br\/unidades\/lapa\/wp-json\/wp\/v2\/posts"}],"about":[{"href":"https:\/\/www.ifbaiano.edu.br\/unidades\/lapa\/wp-json\/wp\/v2\/types\/post"}],"author":[{"embeddable":true,"href":"https:\/\/www.ifbaiano.edu.br\/unidades\/lapa\/wp-json\/wp\/v2\/users\/100"}],"replies":[{"embeddable":true,"href":"https:\/\/www.ifbaiano.edu.br\/unidades\/lapa\/wp-json\/wp\/v2\/comments?post=14812"}],"version-history":[{"count":4,"href":"https:\/\/www.ifbaiano.edu.br\/unidades\/lapa\/wp-json\/wp\/v2\/posts\/14812\/revisions"}],"predecessor-version":[{"id":14854,"href":"https:\/\/www.ifbaiano.edu.br\/unidades\/lapa\/wp-json\/wp\/v2\/posts\/14812\/revisions\/14854"}],"wp:featuredmedia":[{"embeddable":true,"href":"https:\/\/www.ifbaiano.edu.br\/unidades\/lapa\/wp-json\/wp\/v2\/media\/14816"}],"wp:attachment":[{"href":"https:\/\/www.ifbaiano.edu.br\/unidades\/lapa\/wp-json\/wp\/v2\/media?parent=14812"}],"wp:term":[{"taxonomy":"category","embeddable":true,"href":"https:\/\/www.ifbaiano.edu.br\/unidades\/lapa\/wp-json\/wp\/v2\/categories?post=14812"},{"taxonomy":"post_tag","embeddable":true,"href":"https:\/\/www.ifbaiano.edu.br\/unidades\/lapa\/wp-json\/wp\/v2\/tags?post=14812"}],"curies":[{"name":"wp","href":"https:\/\/api.w.org\/{rel}","templated":true}]}}