{"id":14889,"date":"2019-10-22T08:07:51","date_gmt":"2019-10-22T11:07:51","guid":{"rendered":"http:\/\/www.ifbaiano.edu.br\/unidades\/lapa\/?p=14889"},"modified":"2019-10-22T08:11:35","modified_gmt":"2019-10-22T11:11:35","slug":"if-na-praca-divulga-processo-seletivo-2020","status":"publish","type":"post","link":"https:\/\/www.ifbaiano.edu.br\/unidades\/lapa\/2019\/10\/22\/if-na-praca-divulga-processo-seletivo-2020\/","title":{"rendered":"&#8220;IF na Pra\u00e7a&#8221; divulga Processo Seletivo 2020"},"content":{"rendered":"\n<p align=\"justify\">A comiss\u00e3o local do processo seletivo realizou, no dia 18 de outubro de 2019, um momento de integra\u00e7\u00e3o entre IF Baiano e Comunidade Externa. O evento intitulado &#8220;IF na Pra\u00e7a&#8221;  teve como objetivo dar visibilidade \u00e0s a\u00e7\u00f5es de ensino, pesquisa e extens\u00e3o desenvolvidas no <em>Campus<\/em> e fortalecer o di\u00e1logo junto \u00e0 comunidade de Bom Jesus da Lapa. O <em>stand<\/em> contou com exposi\u00e7\u00e3o de trabalhos, experimentos na \u00e1rea de qu\u00edmica e degusta\u00e7\u00e3o de comidas produzidas por estudantes da agroecologia. Na oportunidade houve divulga\u00e7\u00e3o e esclarecimentos de d\u00favidas sobre o Processo de Ingresso de Estudantes 2020. Durante a manh\u00e3 foram realizadas apresenta\u00e7\u00f5es do grupo  &#8220;Dance IF&#8221; e do grupo de Taekowndo, ambos integram os projetos de extens\u00e3o do <em>Campus<\/em> Bom Jesus da Lapa. A a\u00e7\u00e3o possibilitou uma aproxima\u00e7\u00e3o com a popula\u00e7\u00e3o de Bom Jesus da Lapa e fortalecimento da identidade institucional no Territ\u00f3rio Velho Chico.<\/p>\n\n\n\n<ul class=\"wp-block-gallery columns-3 is-cropped wp-block-gallery-1 is-layout-flex\"><li class=\"blocks-gallery-item\"><figure><img decoding=\"async\" loading=\"lazy\" width=\"3456\" height=\"2304\" src=\"http:\/\/www.ifbaiano.edu.br\/unidades\/lapa\/files\/2019\/10\/000030.jpg\" alt=\"\" data-id=\"14908\" data-link=\"http:\/\/www.ifbaiano.edu.br\/unidades\/lapa\/?attachment_id=14908\" class=\"wp-image-14908\" \/><\/figure><\/li><li class=\"blocks-gallery-item\"><figure><img decoding=\"async\" loading=\"lazy\" width=\"3456\" height=\"2304\" src=\"http:\/\/www.ifbaiano.edu.br\/unidades\/lapa\/files\/2019\/10\/000041.jpg\" alt=\"\" data-id=\"14910\" data-link=\"http:\/\/www.ifbaiano.edu.br\/unidades\/lapa\/2019\/10\/22\/if-na-praca-divulga-processo-seletivo-2020\/attachment\/000041\/\" class=\"wp-image-14910\" \/><\/figure><\/li><li class=\"blocks-gallery-item\"><figure><img decoding=\"async\" loading=\"lazy\" width=\"3456\" height=\"2304\" src=\"http:\/\/www.ifbaiano.edu.br\/unidades\/lapa\/files\/2019\/10\/000052.jpg\" alt=\"\" data-id=\"14911\" data-link=\"http:\/\/www.ifbaiano.edu.br\/unidades\/lapa\/2019\/10\/22\/if-na-praca-divulga-processo-seletivo-2020\/attachment\/000052\/\" class=\"wp-image-14911\" \/><\/figure><\/li><li class=\"blocks-gallery-item\"><figure><img decoding=\"async\" loading=\"lazy\" width=\"3456\" height=\"2304\" src=\"http:\/\/www.ifbaiano.edu.br\/unidades\/lapa\/files\/2019\/10\/000063.jpg\" alt=\"\" data-id=\"14912\" data-link=\"http:\/\/www.ifbaiano.edu.br\/unidades\/lapa\/2019\/10\/22\/if-na-praca-divulga-processo-seletivo-2020\/attachment\/000063\/\" class=\"wp-image-14912\" \/><\/figure><\/li><li class=\"blocks-gallery-item\"><figure><img decoding=\"async\" loading=\"lazy\" width=\"3456\" height=\"2304\" src=\"http:\/\/www.ifbaiano.edu.br\/unidades\/lapa\/files\/2019\/10\/000064.jpg\" alt=\"\" data-id=\"14913\" data-link=\"http:\/\/www.ifbaiano.edu.br\/unidades\/lapa\/2019\/10\/22\/if-na-praca-divulga-processo-seletivo-2020\/attachment\/000064\/\" class=\"wp-image-14913\" \/><\/figure><\/li><li class=\"blocks-gallery-item\"><figure><img decoding=\"async\" loading=\"lazy\" width=\"3456\" height=\"2304\" src=\"http:\/\/www.ifbaiano.edu.br\/unidades\/lapa\/files\/2019\/10\/000070.jpg\" alt=\"\" data-id=\"14914\" data-link=\"http:\/\/www.ifbaiano.edu.br\/unidades\/lapa\/2019\/10\/22\/if-na-praca-divulga-processo-seletivo-2020\/attachment\/000070\/\" class=\"wp-image-14914\" \/><\/figure><\/li><li class=\"blocks-gallery-item\"><figure><img decoding=\"async\" loading=\"lazy\" width=\"3456\" height=\"2304\" src=\"http:\/\/www.ifbaiano.edu.br\/unidades\/lapa\/files\/2019\/10\/000072.jpg\" alt=\"\" data-id=\"14915\" data-link=\"http:\/\/www.ifbaiano.edu.br\/unidades\/lapa\/2019\/10\/22\/if-na-praca-divulga-processo-seletivo-2020\/attachment\/000072\/\" class=\"wp-image-14915\" \/><\/figure><\/li><li class=\"blocks-gallery-item\"><figure><img decoding=\"async\" loading=\"lazy\" width=\"3456\" height=\"2304\" src=\"http:\/\/www.ifbaiano.edu.br\/unidades\/lapa\/files\/2019\/10\/000079.jpg\" alt=\"\" data-id=\"14916\" data-link=\"http:\/\/www.ifbaiano.edu.br\/unidades\/lapa\/2019\/10\/22\/if-na-praca-divulga-processo-seletivo-2020\/attachment\/000079\/\" class=\"wp-image-14916\" \/><\/figure><\/li><li class=\"blocks-gallery-item\"><figure><img decoding=\"async\" loading=\"lazy\" width=\"3456\" height=\"2304\" src=\"http:\/\/www.ifbaiano.edu.br\/unidades\/lapa\/files\/2019\/10\/000094.jpg\" alt=\"\" data-id=\"14917\" data-link=\"http:\/\/www.ifbaiano.edu.br\/unidades\/lapa\/2019\/10\/22\/if-na-praca-divulga-processo-seletivo-2020\/attachment\/000094\/\" class=\"wp-image-14917\" \/><\/figure><\/li><li class=\"blocks-gallery-item\"><figure><img decoding=\"async\" loading=\"lazy\" width=\"3456\" height=\"2304\" src=\"http:\/\/www.ifbaiano.edu.br\/unidades\/lapa\/files\/2019\/10\/000095.jpg\" alt=\"\" data-id=\"14918\" data-link=\"http:\/\/www.ifbaiano.edu.br\/unidades\/lapa\/2019\/10\/22\/if-na-praca-divulga-processo-seletivo-2020\/attachment\/000095\/\" class=\"wp-image-14918\" \/><\/figure><\/li><li class=\"blocks-gallery-item\"><figure><img decoding=\"async\" loading=\"lazy\" width=\"3456\" height=\"2304\" src=\"http:\/\/www.ifbaiano.edu.br\/unidades\/lapa\/files\/2019\/10\/000141.jpg\" alt=\"\" data-id=\"14919\" data-link=\"http:\/\/www.ifbaiano.edu.br\/unidades\/lapa\/2019\/10\/22\/if-na-praca-divulga-processo-seletivo-2020\/attachment\/000141\/\" class=\"wp-image-14919\" \/><\/figure><\/li><li class=\"blocks-gallery-item\"><figure><img decoding=\"async\" loading=\"lazy\" width=\"3456\" height=\"2304\" src=\"http:\/\/www.ifbaiano.edu.br\/unidades\/lapa\/files\/2019\/10\/000164.jpg\" alt=\"\" data-id=\"14920\" data-link=\"http:\/\/www.ifbaiano.edu.br\/unidades\/lapa\/2019\/10\/22\/if-na-praca-divulga-processo-seletivo-2020\/attachment\/000164\/\" class=\"wp-image-14920\" \/><\/figure><\/li><li class=\"blocks-gallery-item\"><figure><img decoding=\"async\" loading=\"lazy\" width=\"3456\" height=\"2304\" src=\"http:\/\/www.ifbaiano.edu.br\/unidades\/lapa\/files\/2019\/10\/000169.jpg\" alt=\"\" data-id=\"14921\" data-link=\"http:\/\/www.ifbaiano.edu.br\/unidades\/lapa\/2019\/10\/22\/if-na-praca-divulga-processo-seletivo-2020\/attachment\/000169\/\" class=\"wp-image-14921\" \/><\/figure><\/li><li class=\"blocks-gallery-item\"><figure><img decoding=\"async\" loading=\"lazy\" width=\"3456\" height=\"2304\" src=\"http:\/\/www.ifbaiano.edu.br\/unidades\/lapa\/files\/2019\/10\/000331.jpg\" alt=\"\" data-id=\"14922\" data-link=\"http:\/\/www.ifbaiano.edu.br\/unidades\/lapa\/2019\/10\/22\/if-na-praca-divulga-processo-seletivo-2020\/attachment\/000331\/\" class=\"wp-image-14922\" \/><\/figure><\/li><li class=\"blocks-gallery-item\"><figure><img decoding=\"async\" loading=\"lazy\" width=\"3456\" height=\"2304\" src=\"http:\/\/www.ifbaiano.edu.br\/unidades\/lapa\/files\/2019\/10\/000333.jpg\" alt=\"\" data-id=\"14923\" data-link=\"http:\/\/www.ifbaiano.edu.br\/unidades\/lapa\/2019\/10\/22\/if-na-praca-divulga-processo-seletivo-2020\/attachment\/000333\/\" class=\"wp-image-14923\" \/><\/figure><\/li><li class=\"blocks-gallery-item\"><figure><img decoding=\"async\" loading=\"lazy\" width=\"3456\" height=\"2304\" src=\"http:\/\/www.ifbaiano.edu.br\/unidades\/lapa\/files\/2019\/10\/000345.jpg\" alt=\"\" data-id=\"14924\" data-link=\"http:\/\/www.ifbaiano.edu.br\/unidades\/lapa\/2019\/10\/22\/if-na-praca-divulga-processo-seletivo-2020\/attachment\/000345\/\" class=\"wp-image-14924\" \/><\/figure><\/li><\/ul>\n","protected":false},"excerpt":{"rendered":"<p>A comiss\u00e3o local do processo seletivo realizou, no dia 18 de outubro de 2019, um momento de integra\u00e7\u00e3o entre IF Baiano e Comunidade Externa. O evento intitulado &#8220;IF na Pra\u00e7a&#8221; teve como objetivo dar visibilidade \u00e0s a\u00e7\u00f5es de ensino, pesquisa e extens\u00e3o desenvolvidas no Campus e fortalecer o di\u00e1logo junto \u00e0 comunidade de Bom Jesus [&hellip;]<\/p>\n","protected":false},"author":100,"featured_media":14911,"comment_status":"open","ping_status":"open","sticky":false,"template":"","format":"standard","meta":[],"categories":[41,24,40,73,65],"tags":[],"_links":{"self":[{"href":"https:\/\/www.ifbaiano.edu.br\/unidades\/lapa\/wp-json\/wp\/v2\/posts\/14889"}],"collection":[{"href":"https:\/\/www.ifbaiano.edu.br\/unidades\/lapa\/wp-json\/wp\/v2\/posts"}],"about":[{"href":"https:\/\/www.ifbaiano.edu.br\/unidades\/lapa\/wp-json\/wp\/v2\/types\/post"}],"author":[{"embeddable":true,"href":"https:\/\/www.ifbaiano.edu.br\/unidades\/lapa\/wp-json\/wp\/v2\/users\/100"}],"replies":[{"embeddable":true,"href":"https:\/\/www.ifbaiano.edu.br\/unidades\/lapa\/wp-json\/wp\/v2\/comments?post=14889"}],"version-history":[{"count":7,"href":"https:\/\/www.ifbaiano.edu.br\/unidades\/lapa\/wp-json\/wp\/v2\/posts\/14889\/revisions"}],"predecessor-version":[{"id":14926,"href":"https:\/\/www.ifbaiano.edu.br\/unidades\/lapa\/wp-json\/wp\/v2\/posts\/14889\/revisions\/14926"}],"wp:featuredmedia":[{"embeddable":true,"href":"https:\/\/www.ifbaiano.edu.br\/unidades\/lapa\/wp-json\/wp\/v2\/media\/14911"}],"wp:attachment":[{"href":"https:\/\/www.ifbaiano.edu.br\/unidades\/lapa\/wp-json\/wp\/v2\/media?parent=14889"}],"wp:term":[{"taxonomy":"category","embeddable":true,"href":"https:\/\/www.ifbaiano.edu.br\/unidades\/lapa\/wp-json\/wp\/v2\/categories?post=14889"},{"taxonomy":"post_tag","embeddable":true,"href":"https:\/\/www.ifbaiano.edu.br\/unidades\/lapa\/wp-json\/wp\/v2\/tags?post=14889"}],"curies":[{"name":"wp","href":"https:\/\/api.w.org\/{rel}","templated":true}]}}