{"id":1494,"date":"2013-10-30T18:17:45","date_gmt":"2013-10-30T20:17:45","guid":{"rendered":"http:\/\/www.ifbaiano.edu.br\/unidades\/lapa\/?p=1494"},"modified":"2013-10-30T18:20:47","modified_gmt":"2013-10-30T20:20:47","slug":"campus-bom-jesus-da-lapa-realiza-projeto-sobre-sexualidade-e-gravidez-na-adolescencia","status":"publish","type":"post","link":"https:\/\/www.ifbaiano.edu.br\/unidades\/lapa\/2013\/10\/30\/campus-bom-jesus-da-lapa-realiza-projeto-sobre-sexualidade-e-gravidez-na-adolescencia\/","title":{"rendered":"Campus Bom Jesus da Lapa realiza projeto sobre sexualidade e gravidez na adolesc\u00eancia."},"content":{"rendered":"<p>Saiba mais sobre o projeto.<!--more--><\/p>\n<p>O projeto faz parte do programa da Pol\u00edtica de Assist\u00eancia Estudantil do IF Baiano, que visa, atrav\u00e9s do Programa de Assist\u00eancia Integral \u00e0 Sa\u00fade, criar mecanismos para viabilizar assist\u00eancia ao estudante atrav\u00e9s de a\u00e7\u00f5es de preven\u00e7\u00e3o, promo\u00e7\u00e3o, tratamento e vigil\u00e2ncia \u00e0 sa\u00fade da comunidade discente. Foram realizados encontros em sala de aula, sendo abordada a import\u00e2ncia da preven\u00e7\u00e3o \u00e0s doen\u00e7as sexualmente transmiss\u00edveis e \u00e0 gravidez na adolesc\u00eancia. O projeto culminou com uma palestra sobre o assunto.<a href=\"http:\/\/www.ifbaiano.edu.br\/unidades\/lapa\/files\/2013\/10\/li-0601.jpg\"><img decoding=\"async\" loading=\"lazy\" class=\"alignright size-medium wp-image-1498\" src=\"http:\/\/www.ifbaiano.edu.br\/unidades\/lapa\/files\/2013\/10\/li-0601-300x184.jpg\" alt=\"\" width=\"300\" height=\"184\" srcset=\"https:\/\/www.ifbaiano.edu.br\/unidades\/lapa\/files\/2013\/10\/li-0601-300x184.jpg 300w, https:\/\/www.ifbaiano.edu.br\/unidades\/lapa\/files\/2013\/10\/li-0601-400x245.jpg 400w, https:\/\/www.ifbaiano.edu.br\/unidades\/lapa\/files\/2013\/10\/li-0601.jpg 960w\" sizes=\"(max-width: 300px) 100vw, 300px\" \/><\/a><\/p>\n<p>O assistente social, Luciano Cruz, acompanhou a elabora\u00e7\u00e3o e execu\u00e7\u00e3o do projeto, em parceria com as estagi\u00e1rias de servi\u00e7o social Daniele Soares, B\u00e1rbara Santos e Marinalva R\u00eago.<\/p>\n<p>O palestrante convidado, Francis Guimar\u00e3es, que \u00e9 farmac\u00eautico, bioqu\u00edmico e citopatologista ginecol\u00f3gico, usou uma linguagem clara durante a abordagem do tema \u201cSexualidade e preven\u00e7\u00e3o da gravidez na adolesc\u00eancia\u201d e, de forma descontra\u00edda, levou os discentes a refletirem sobre a import\u00e2ncia da preven\u00e7\u00e3o \u00e0s doen\u00e7as sexualmente transmiss\u00edveis.<\/p>\n<p>Ao final da palestra, a estagi\u00e1ria de Servi\u00e7o Social, Daniella L\u00e9do, teceu considera\u00e7\u00f5es importantes:<\/p>\n<p><em>\u201cO projeto, como mecanismo de preven\u00e7\u00e3o atrav\u00e9s da educa\u00e7\u00e3o em sa\u00fade, possibilitou o acesso \u00e0 informa\u00e7\u00e3o e conscientiza\u00e7\u00e3o, contribuindo de forma significativa para a preven\u00e7\u00e3o da gravidez na adolesc\u00eancia, DSTs, bem como a orienta\u00e7\u00e3o quanto aos direitos sociais que favore\u00e7am melhores condi\u00e7\u00f5es de vida aos alunos do IF Baiano.\u201d<\/em><\/p>\n<p>A discente do curso t\u00e9cnico em inform\u00e1tica, Joseane Armanda de Jesus, avaliou positivamente o projeto:<\/p>\n<p><em>\u201cAs informa\u00e7\u00f5es sobre as DSTs foram importantes para sanar d\u00favidas existentes, pois, \u00e0s vezes, alguns adolescentes n\u00e3o se sentem \u00e0 vontade para perguntar \u00e0quelas pessoas que n\u00e3o tem conhecimento suficiente sobre o assunto, que \u00e9 pol\u00eamico, por\u00e9m, necess\u00e1rio.\u201d<\/em><\/p>\n<p>&nbsp;<\/p>\n<p>&nbsp;<\/p>\n","protected":false},"excerpt":{"rendered":"<p>Saiba mais sobre o projeto.<\/p>\n","protected":false},"author":41,"featured_media":0,"comment_status":"open","ping_status":"open","sticky":false,"template":"","format":"standard","meta":[],"categories":[24],"tags":[],"_links":{"self":[{"href":"https:\/\/www.ifbaiano.edu.br\/unidades\/lapa\/wp-json\/wp\/v2\/posts\/1494"}],"collection":[{"href":"https:\/\/www.ifbaiano.edu.br\/unidades\/lapa\/wp-json\/wp\/v2\/posts"}],"about":[{"href":"https:\/\/www.ifbaiano.edu.br\/unidades\/lapa\/wp-json\/wp\/v2\/types\/post"}],"author":[{"embeddable":true,"href":"https:\/\/www.ifbaiano.edu.br\/unidades\/lapa\/wp-json\/wp\/v2\/users\/41"}],"replies":[{"embeddable":true,"href":"https:\/\/www.ifbaiano.edu.br\/unidades\/lapa\/wp-json\/wp\/v2\/comments?post=1494"}],"version-history":[{"count":5,"href":"https:\/\/www.ifbaiano.edu.br\/unidades\/lapa\/wp-json\/wp\/v2\/posts\/1494\/revisions"}],"predecessor-version":[{"id":1503,"href":"https:\/\/www.ifbaiano.edu.br\/unidades\/lapa\/wp-json\/wp\/v2\/posts\/1494\/revisions\/1503"}],"wp:attachment":[{"href":"https:\/\/www.ifbaiano.edu.br\/unidades\/lapa\/wp-json\/wp\/v2\/media?parent=1494"}],"wp:term":[{"taxonomy":"category","embeddable":true,"href":"https:\/\/www.ifbaiano.edu.br\/unidades\/lapa\/wp-json\/wp\/v2\/categories?post=1494"},{"taxonomy":"post_tag","embeddable":true,"href":"https:\/\/www.ifbaiano.edu.br\/unidades\/lapa\/wp-json\/wp\/v2\/tags?post=1494"}],"curies":[{"name":"wp","href":"https:\/\/api.w.org\/{rel}","templated":true}]}}