{"id":1504,"date":"2013-10-31T13:44:39","date_gmt":"2013-10-31T15:44:39","guid":{"rendered":"http:\/\/www.ifbaiano.edu.br\/unidades\/lapa\/?p=1504"},"modified":"2013-10-31T13:44:39","modified_gmt":"2013-10-31T15:44:39","slug":"if-baiano-oferta-tres-sistemas-de-vagas-em-processo-seletivo-2014","status":"publish","type":"post","link":"https:\/\/www.ifbaiano.edu.br\/unidades\/lapa\/2013\/10\/31\/if-baiano-oferta-tres-sistemas-de-vagas-em-processo-seletivo-2014\/","title":{"rendered":"IF Baiano oferta tr\u00eas sistemas de vagas em Processo Seletivo 2014"},"content":{"rendered":"<p align=\"center\"><em>Ingresso por ampla concorr\u00eancia e cotas (estudantes de escolas p\u00fablicas<\/em><\/p>\n<p align=\"center\"><em>ou candidatos com necessidades educacionais espec\u00edficas)<\/em><\/p>\n<p align=\"center\"><!--more--><\/p>\n<p>At\u00e9 <strong>24 de novembro<\/strong>, o Instituto Federal Baiano (IF Baiano) est\u00e1 com inscri\u00e7\u00f5es abertas para o Processo Seletivo 2014. No <em>Campus<\/em> Bom Jesus da Lapa, ser\u00e3o ofertadas<strong> 120 vagas<\/strong> para os cursos de <strong>agricultura<\/strong> (40 vagas) e <strong>inform\u00e1tica<\/strong> (80 vagas) na <strong>modalidade subsequente<\/strong> (curso com dois anos de dura\u00e7\u00e3o e destinado para egressos do ensino m\u00e9dio).<\/p>\n<p>&nbsp;<\/p>\n<p>Os candidatos podem escolher sua forma de ingresso pelas vagas de acordo com sua realidade: <strong>ampla concorr\u00eancia<\/strong> (candidatos que n\u00e3o atendem \u00e0s a\u00e7\u00f5es afirmativas ou n\u00e3o queiram participar do sistema de cotas), <strong>cotas para estudantes oriundos de escolas p\u00fablicas <\/strong>(o candidato dever\u00e1 ter cursado todo ensino m\u00e9dio em escola p\u00fablica) e <strong>cotas para pessoas com necessidades educacionais espec\u00edficas<\/strong> (candidato deve indicar tipo de defici\u00eancia e apresentar laudo m\u00e9dico).<\/p>\n<p>&nbsp;<\/p>\n<p>Para fazer a escolha correta, o candidato, no ato da inscri\u00e7\u00e3o, dever\u00e1 indicar a op\u00e7\u00e3o de ampla concorr\u00eancia ou cotas, apresentar documenta\u00e7\u00e3o comprobat\u00f3ria no <em>campus<\/em> at\u00e9 o dia <strong>6 de novembro <\/strong>e acompanhar resultado de an\u00e1lise de documenta\u00e7\u00e3o pelo <em>site<\/em> do IF Baiano.<\/p>\n<p>&nbsp;<\/p>\n<p>Todos os candidatos inscritos, na modalidade <strong>subsequente<\/strong>,<strong> <\/strong>far\u00e3o <strong>provas objetivas<\/strong> de m\u00faltipla escolha nas \u00e1reas de Linguagens (L\u00edngua Portuguesa e Reda\u00e7\u00e3o), Ci\u00eancias Humanas (Filosofia, Geografia, Hist\u00f3ria e Sociologia), Ci\u00eancias da Natureza (Biologia, F\u00edsica e Qu\u00edmica) e Matem\u00e1tica, <strong>no dia 8 de dezembro, domingo, \u00e0s 13h na cidade de Bom Jesus da Lapa<\/strong>. O <strong>resultado final<\/strong> da sele\u00e7\u00e3o ser\u00e1 divulgado a partir do dia <strong>16 de janeiro<\/strong> no <em>site<\/em> do IF Baiano.<\/p>\n<p><strong>\u00a0<\/strong><\/p>\n<p><strong>Outras informa\u00e7\u00f5es: <a href=\"mailto:estudantes@concursos.ifbaiano.edu.br\">estudantes@concursos.ifbaiano.edu.br<\/a><\/strong><\/p>\n<p><strong>\u00a0<\/strong><\/p>\n<p><strong>P\u00e1gina do Processo Seletivo &#8211; <\/strong><a href=\"http:\/\/concurso.ifbaiano.edu.br\/portal\/discente20141\/\">http:\/\/concurso.ifbaiano.edu.br\/portal\/discente20141\/<\/a><\/p>\n<p>&nbsp;<\/p>\n","protected":false},"excerpt":{"rendered":"<p>Ingresso por ampla concorr\u00eancia e cotas (estudantes de escolas p\u00fablicas ou candidatos com necessidades educacionais espec\u00edficas)<\/p>\n","protected":false},"author":41,"featured_media":0,"comment_status":"open","ping_status":"open","sticky":false,"template":"","format":"standard","meta":[],"categories":[38],"tags":[],"_links":{"self":[{"href":"https:\/\/www.ifbaiano.edu.br\/unidades\/lapa\/wp-json\/wp\/v2\/posts\/1504"}],"collection":[{"href":"https:\/\/www.ifbaiano.edu.br\/unidades\/lapa\/wp-json\/wp\/v2\/posts"}],"about":[{"href":"https:\/\/www.ifbaiano.edu.br\/unidades\/lapa\/wp-json\/wp\/v2\/types\/post"}],"author":[{"embeddable":true,"href":"https:\/\/www.ifbaiano.edu.br\/unidades\/lapa\/wp-json\/wp\/v2\/users\/41"}],"replies":[{"embeddable":true,"href":"https:\/\/www.ifbaiano.edu.br\/unidades\/lapa\/wp-json\/wp\/v2\/comments?post=1504"}],"version-history":[{"count":2,"href":"https:\/\/www.ifbaiano.edu.br\/unidades\/lapa\/wp-json\/wp\/v2\/posts\/1504\/revisions"}],"predecessor-version":[{"id":1506,"href":"https:\/\/www.ifbaiano.edu.br\/unidades\/lapa\/wp-json\/wp\/v2\/posts\/1504\/revisions\/1506"}],"wp:attachment":[{"href":"https:\/\/www.ifbaiano.edu.br\/unidades\/lapa\/wp-json\/wp\/v2\/media?parent=1504"}],"wp:term":[{"taxonomy":"category","embeddable":true,"href":"https:\/\/www.ifbaiano.edu.br\/unidades\/lapa\/wp-json\/wp\/v2\/categories?post=1504"},{"taxonomy":"post_tag","embeddable":true,"href":"https:\/\/www.ifbaiano.edu.br\/unidades\/lapa\/wp-json\/wp\/v2\/tags?post=1504"}],"curies":[{"name":"wp","href":"https:\/\/api.w.org\/{rel}","templated":true}]}}