{"id":1511,"date":"2013-11-02T17:38:34","date_gmt":"2013-11-02T19:38:34","guid":{"rendered":"http:\/\/www.ifbaiano.edu.br\/unidades\/lapa\/?p=1511"},"modified":"2013-11-02T17:41:15","modified_gmt":"2013-11-02T19:41:15","slug":"campus-realizara-oficina-de-inoculacao-de-sementes","status":"publish","type":"post","link":"https:\/\/www.ifbaiano.edu.br\/unidades\/lapa\/2013\/11\/02\/campus-realizara-oficina-de-inoculacao-de-sementes\/","title":{"rendered":"Campus realizar\u00e1 Oficina de Inocula\u00e7\u00e3o de Sementes"},"content":{"rendered":"<p>Evento acontece no pr\u00f3ximo dia 05 de novembro, no audit\u00f3rio do Campus.<\/p>\n<p><!--more--><\/p>\n<p><a href=\"http:\/\/www.ifbaiano.edu.br\/unidades\/lapa\/files\/2013\/11\/FBN.jpg\"><img decoding=\"async\" loading=\"lazy\" class=\"alignleft size-medium wp-image-1512\" src=\"http:\/\/www.ifbaiano.edu.br\/unidades\/lapa\/files\/2013\/11\/FBN-300x220.jpg\" alt=\"\" width=\"300\" height=\"220\" srcset=\"https:\/\/www.ifbaiano.edu.br\/unidades\/lapa\/files\/2013\/11\/FBN-300x220.jpg 300w, https:\/\/www.ifbaiano.edu.br\/unidades\/lapa\/files\/2013\/11\/FBN-1024x753.jpg 1024w, https:\/\/www.ifbaiano.edu.br\/unidades\/lapa\/files\/2013\/11\/FBN-400x294.jpg 400w\" sizes=\"(max-width: 300px) 100vw, 300px\" \/><\/a><\/p>\n<p>Acontecer\u00e1 no pr\u00f3ximo dia 05 de novembro, no audit\u00f3rio do IF Baiano &#8211; Campus Bom Jesus da Lapa, a oficina &#8220;Pr\u00e1tica de Inocula\u00e7\u00e3o de sementes: O Processo de Fixa\u00e7\u00e3o Biol\u00f3gica de Nitrog\u00eanio&#8221;. O evento faz parte do Programa de Oficinas da Pr\u00f3-Reitoria de Extens\u00e3o do IF Baiano e visa capacitar produtores e profissionais que tem atua\u00e7\u00e3o direta com a agricultura familiar (professores e t\u00e9cnicos do IF Baiano, EBDA e Secret\u00e1ria de Agricultura, Estudantes de Agropecu\u00e1ria, associa\u00e7\u00f5es, sindicatos e movimentos Sociais), no intuito de difus\u00e3o do processo de fixa\u00e7\u00e3o biol\u00f3gica de nitrog\u00eanio em feij\u00e3o caupi (<em>Vigna uniguiculata<\/em>\u00a0(L.) Walp), atrav\u00e9s do processo de inocula\u00e7\u00e3o de sementes\u00a0com bact\u00e9rias do grupo riz\u00f3bio.<\/p>\n<p><strong>Fonte<\/strong>: Coordenador do evento, Ludgero Rego Barros Neto<\/p>\n","protected":false},"excerpt":{"rendered":"<p>Evento acontece no pr\u00f3ximo dia 05 de novembro, no audit\u00f3rio do Campus.<\/p>\n","protected":false},"author":41,"featured_media":0,"comment_status":"open","ping_status":"open","sticky":false,"template":"","format":"standard","meta":[],"categories":[40],"tags":[],"_links":{"self":[{"href":"https:\/\/www.ifbaiano.edu.br\/unidades\/lapa\/wp-json\/wp\/v2\/posts\/1511"}],"collection":[{"href":"https:\/\/www.ifbaiano.edu.br\/unidades\/lapa\/wp-json\/wp\/v2\/posts"}],"about":[{"href":"https:\/\/www.ifbaiano.edu.br\/unidades\/lapa\/wp-json\/wp\/v2\/types\/post"}],"author":[{"embeddable":true,"href":"https:\/\/www.ifbaiano.edu.br\/unidades\/lapa\/wp-json\/wp\/v2\/users\/41"}],"replies":[{"embeddable":true,"href":"https:\/\/www.ifbaiano.edu.br\/unidades\/lapa\/wp-json\/wp\/v2\/comments?post=1511"}],"version-history":[{"count":3,"href":"https:\/\/www.ifbaiano.edu.br\/unidades\/lapa\/wp-json\/wp\/v2\/posts\/1511\/revisions"}],"predecessor-version":[{"id":1514,"href":"https:\/\/www.ifbaiano.edu.br\/unidades\/lapa\/wp-json\/wp\/v2\/posts\/1511\/revisions\/1514"}],"wp:attachment":[{"href":"https:\/\/www.ifbaiano.edu.br\/unidades\/lapa\/wp-json\/wp\/v2\/media?parent=1511"}],"wp:term":[{"taxonomy":"category","embeddable":true,"href":"https:\/\/www.ifbaiano.edu.br\/unidades\/lapa\/wp-json\/wp\/v2\/categories?post=1511"},{"taxonomy":"post_tag","embeddable":true,"href":"https:\/\/www.ifbaiano.edu.br\/unidades\/lapa\/wp-json\/wp\/v2\/tags?post=1511"}],"curies":[{"name":"wp","href":"https:\/\/api.w.org\/{rel}","templated":true}]}}