{"id":1516,"date":"2013-11-07T15:50:06","date_gmt":"2013-11-07T17:50:06","guid":{"rendered":"http:\/\/www.ifbaiano.edu.br\/unidades\/lapa\/?p=1516"},"modified":"2013-11-07T15:50:06","modified_gmt":"2013-11-07T17:50:06","slug":"atencao-selecao-de-servidores-e-alunos-para-atividades-de-canto-coral-e-iniciacao-musical","status":"publish","type":"post","link":"https:\/\/www.ifbaiano.edu.br\/unidades\/lapa\/2013\/11\/07\/atencao-selecao-de-servidores-e-alunos-para-atividades-de-canto-coral-e-iniciacao-musical\/","title":{"rendered":"Aten\u00e7\u00e3o! Sele\u00e7\u00e3o de servidores e alunos para atividades de canto coral e inicia\u00e7\u00e3o musical"},"content":{"rendered":"<p>As inscri\u00e7\u00f5es ocorrer\u00e3o no per\u00edodo de 11 a 14 de novembro de 2013.<\/p>\n<p><!--more-->Acessem <a href=\"http:\/\/www.ifbaiano.edu.br\/unidades\/lapa\/files\/2013\/11\/edital_06_coral.pdf\">aqui<\/a> o Edital!<\/p>\n<p>Fonte: Professor Vasni<\/p>\n<p>&nbsp;<\/p>\n","protected":false},"excerpt":{"rendered":"<p>As inscri\u00e7\u00f5es ocorrer\u00e3o no per\u00edodo de 11 a 14 de novembro de 2013.<\/p>\n","protected":false},"author":41,"featured_media":0,"comment_status":"open","ping_status":"open","sticky":false,"template":"","format":"standard","meta":[],"categories":[40],"tags":[],"_links":{"self":[{"href":"https:\/\/www.ifbaiano.edu.br\/unidades\/lapa\/wp-json\/wp\/v2\/posts\/1516"}],"collection":[{"href":"https:\/\/www.ifbaiano.edu.br\/unidades\/lapa\/wp-json\/wp\/v2\/posts"}],"about":[{"href":"https:\/\/www.ifbaiano.edu.br\/unidades\/lapa\/wp-json\/wp\/v2\/types\/post"}],"author":[{"embeddable":true,"href":"https:\/\/www.ifbaiano.edu.br\/unidades\/lapa\/wp-json\/wp\/v2\/users\/41"}],"replies":[{"embeddable":true,"href":"https:\/\/www.ifbaiano.edu.br\/unidades\/lapa\/wp-json\/wp\/v2\/comments?post=1516"}],"version-history":[{"count":2,"href":"https:\/\/www.ifbaiano.edu.br\/unidades\/lapa\/wp-json\/wp\/v2\/posts\/1516\/revisions"}],"predecessor-version":[{"id":1519,"href":"https:\/\/www.ifbaiano.edu.br\/unidades\/lapa\/wp-json\/wp\/v2\/posts\/1516\/revisions\/1519"}],"wp:attachment":[{"href":"https:\/\/www.ifbaiano.edu.br\/unidades\/lapa\/wp-json\/wp\/v2\/media?parent=1516"}],"wp:term":[{"taxonomy":"category","embeddable":true,"href":"https:\/\/www.ifbaiano.edu.br\/unidades\/lapa\/wp-json\/wp\/v2\/categories?post=1516"},{"taxonomy":"post_tag","embeddable":true,"href":"https:\/\/www.ifbaiano.edu.br\/unidades\/lapa\/wp-json\/wp\/v2\/tags?post=1516"}],"curies":[{"name":"wp","href":"https:\/\/api.w.org\/{rel}","templated":true}]}}