{"id":1521,"date":"2013-11-15T22:47:24","date_gmt":"2013-11-16T00:47:24","guid":{"rendered":"http:\/\/www.ifbaiano.edu.br\/unidades\/lapa\/?p=1521"},"modified":"2013-11-15T22:49:34","modified_gmt":"2013-11-16T00:49:34","slug":"aluna-do-campus-lapa-participa-de-evento-no-uruguai","status":"publish","type":"post","link":"https:\/\/www.ifbaiano.edu.br\/unidades\/lapa\/2013\/11\/15\/aluna-do-campus-lapa-participa-de-evento-no-uruguai\/","title":{"rendered":"Aluna do Campus Lapa participa de evento no Uruguai"},"content":{"rendered":"<p>Evento faz parte do Programa de Internacionaliza\u00e7\u00e3o da Extens\u00e3o.<\/p>\n<p><!--more--><\/p>\n<p>Numa viagem de cinco dias, um grupo de doze pessoas (professores e estudantes), entre eles a ALUNA MARIA MARIANA VARGAS, do Campus Lapa, esteve, no in\u00edcio de novembro, no Uruguai, para participar de um evento internacional ligado \u00e0 \u00e1rea de Extens\u00e3o. Entre algumas tem\u00e1ticas, foram discutidas quest\u00f5es como: movimentos sociais e universidade; educa\u00e7\u00e3o e direitos humanos; autonomia universit\u00e1ria e pensamento cr\u00edtico; mulheres e reflex\u00f5es feministas; movimentos populares.<br \/>\nA aluna foi bolsista do Projeto de Extens\u00e3o: ENTRE A OFERTA E A DEMANDA: UM SISTEMA PARA GEST\u00c3O DA HOTELARIA EM BOM JESUS DA LAPA, orientado pelo servidor Junio Batista.<\/p>\n<p><a href=\"http:\/\/www.ifbaiano.edu.br\/unidades\/lapa\/files\/2013\/11\/mariana-_junio.png\"><img decoding=\"async\" loading=\"lazy\" class=\"alignleft size-medium wp-image-1522\" src=\"http:\/\/www.ifbaiano.edu.br\/unidades\/lapa\/files\/2013\/11\/mariana-_junio-300x221.png\" alt=\"\" width=\"300\" height=\"221\" srcset=\"https:\/\/www.ifbaiano.edu.br\/unidades\/lapa\/files\/2013\/11\/mariana-_junio-300x221.png 300w, https:\/\/www.ifbaiano.edu.br\/unidades\/lapa\/files\/2013\/11\/mariana-_junio-400x295.png 400w, https:\/\/www.ifbaiano.edu.br\/unidades\/lapa\/files\/2013\/11\/mariana-_junio.png 980w\" sizes=\"(max-width: 300px) 100vw, 300px\" \/><\/a><a href=\"http:\/\/www.ifbaiano.edu.br\/unidades\/lapa\/files\/2013\/11\/mariana.png\"><img decoding=\"async\" loading=\"lazy\" class=\"alignleft size-medium wp-image-1523\" src=\"http:\/\/www.ifbaiano.edu.br\/unidades\/lapa\/files\/2013\/11\/mariana-300x226.png\" alt=\"\" width=\"300\" height=\"226\" srcset=\"https:\/\/www.ifbaiano.edu.br\/unidades\/lapa\/files\/2013\/11\/mariana-300x225.png 300w, https:\/\/www.ifbaiano.edu.br\/unidades\/lapa\/files\/2013\/11\/mariana-400x301.png 400w, https:\/\/www.ifbaiano.edu.br\/unidades\/lapa\/files\/2013\/11\/mariana.png 971w\" sizes=\"(max-width: 300px) 100vw, 300px\" \/><\/a><\/p>\n","protected":false},"excerpt":{"rendered":"<p>Evento faz parte do Programa de Internacionaliza\u00e7\u00e3o da Extens\u00e3o.<\/p>\n","protected":false},"author":41,"featured_media":0,"comment_status":"open","ping_status":"open","sticky":false,"template":"","format":"standard","meta":[],"categories":[1],"tags":[],"_links":{"self":[{"href":"https:\/\/www.ifbaiano.edu.br\/unidades\/lapa\/wp-json\/wp\/v2\/posts\/1521"}],"collection":[{"href":"https:\/\/www.ifbaiano.edu.br\/unidades\/lapa\/wp-json\/wp\/v2\/posts"}],"about":[{"href":"https:\/\/www.ifbaiano.edu.br\/unidades\/lapa\/wp-json\/wp\/v2\/types\/post"}],"author":[{"embeddable":true,"href":"https:\/\/www.ifbaiano.edu.br\/unidades\/lapa\/wp-json\/wp\/v2\/users\/41"}],"replies":[{"embeddable":true,"href":"https:\/\/www.ifbaiano.edu.br\/unidades\/lapa\/wp-json\/wp\/v2\/comments?post=1521"}],"version-history":[{"count":3,"href":"https:\/\/www.ifbaiano.edu.br\/unidades\/lapa\/wp-json\/wp\/v2\/posts\/1521\/revisions"}],"predecessor-version":[{"id":1525,"href":"https:\/\/www.ifbaiano.edu.br\/unidades\/lapa\/wp-json\/wp\/v2\/posts\/1521\/revisions\/1525"}],"wp:attachment":[{"href":"https:\/\/www.ifbaiano.edu.br\/unidades\/lapa\/wp-json\/wp\/v2\/media?parent=1521"}],"wp:term":[{"taxonomy":"category","embeddable":true,"href":"https:\/\/www.ifbaiano.edu.br\/unidades\/lapa\/wp-json\/wp\/v2\/categories?post=1521"},{"taxonomy":"post_tag","embeddable":true,"href":"https:\/\/www.ifbaiano.edu.br\/unidades\/lapa\/wp-json\/wp\/v2\/tags?post=1521"}],"curies":[{"name":"wp","href":"https:\/\/api.w.org\/{rel}","templated":true}]}}