{"id":1528,"date":"2013-11-25T11:28:48","date_gmt":"2013-11-25T13:28:48","guid":{"rendered":"http:\/\/www.ifbaiano.edu.br\/unidades\/lapa\/?p=1528"},"modified":"2013-12-03T20:09:16","modified_gmt":"2013-12-03T22:09:16","slug":"curso-de-extensao-agroecologia-para-areas-de-reforma-agraria","status":"publish","type":"post","link":"https:\/\/www.ifbaiano.edu.br\/unidades\/lapa\/2013\/11\/25\/curso-de-extensao-agroecologia-para-areas-de-reforma-agraria\/","title":{"rendered":"Curso de extens\u00e3o: Agroecologia para \u00e1reas de Reforma Agr\u00e1ria"},"content":{"rendered":"<p>O evento ocorrer\u00e1 nos dias 29 e 30 de Novembro de 2013.<!--more--><\/p>\n<p>O Laborat\u00f3rio de Pol\u00edticas P\u00fablicas, Ruralidades e Desenvolvimento Territorial &#8211; LAPPRuDES realizar\u00e1 nos dias 29 e 30 de novembro de 2013, no Campus Bom Jesus da Lapa e no Projeto Agroextrativista S\u00e3o Francisco em Serra do Ramalho, o primeiro M\u00f3dulo do Curso\u00a0<strong>Agroecologia para \u00e1reas de Reforma Agr\u00e1ria<\/strong>. Nesta primeira etapa, o intuito \u00e9 debater e elaborar uma vis\u00e3o sobre a agroecologia que esteja n\u00e3o s\u00f3 contextualizada com a realidade dos (as) assentados (as), mas que, al\u00e9m disso, fortale\u00e7a pr\u00e1ticas realizadas que coadunem com os princ\u00edpios agroecol\u00f3gicos e, reconduzam pr\u00e1ticas que porventura n\u00e3o estejam alinhadas com os princ\u00edpios de uma agricultura amparada no paradigma agroecol\u00f3gico. Neste sentido, os (as) assentados (as) ser\u00e3o estimulados a pensar suas pr\u00e1ticas e t\u00e9cnicas, assim como a trocar experi\u00eancias que fortale\u00e7am a agroecologia como fundamento s\u00f3cio-produtivo do PAE. O Curso ser\u00e1 ministrado pelo Professor Davi Silva da Costa, lotado no Campus Bom Jesus da Lapa e doutorando no Programa de Ci\u00eancias Sociais \u2013 Desenvolvimento, Agricultura e Sociedade \u2013 CPDA\/UFRRJ.<br \/>\nLeia mais:\u00a0<a href=\"http:\/\/www.lapprudes.com\/?utm_source=copy&amp;utm_medium=paste&amp;utm_campaign=copypaste&amp;utm_content=http%3A%2F%2Fwww.lapprudes.com%2F\">http:\/\/www.lapprudes.com\/<\/a><\/p>\n","protected":false},"excerpt":{"rendered":"<p>O evento ocorrer\u00e1 nos dias 29 e 30 de Novembro de 2013.<\/p>\n","protected":false},"author":41,"featured_media":0,"comment_status":"open","ping_status":"open","sticky":false,"template":"","format":"standard","meta":[],"categories":[40],"tags":[],"_links":{"self":[{"href":"https:\/\/www.ifbaiano.edu.br\/unidades\/lapa\/wp-json\/wp\/v2\/posts\/1528"}],"collection":[{"href":"https:\/\/www.ifbaiano.edu.br\/unidades\/lapa\/wp-json\/wp\/v2\/posts"}],"about":[{"href":"https:\/\/www.ifbaiano.edu.br\/unidades\/lapa\/wp-json\/wp\/v2\/types\/post"}],"author":[{"embeddable":true,"href":"https:\/\/www.ifbaiano.edu.br\/unidades\/lapa\/wp-json\/wp\/v2\/users\/41"}],"replies":[{"embeddable":true,"href":"https:\/\/www.ifbaiano.edu.br\/unidades\/lapa\/wp-json\/wp\/v2\/comments?post=1528"}],"version-history":[{"count":7,"href":"https:\/\/www.ifbaiano.edu.br\/unidades\/lapa\/wp-json\/wp\/v2\/posts\/1528\/revisions"}],"predecessor-version":[{"id":1570,"href":"https:\/\/www.ifbaiano.edu.br\/unidades\/lapa\/wp-json\/wp\/v2\/posts\/1528\/revisions\/1570"}],"wp:attachment":[{"href":"https:\/\/www.ifbaiano.edu.br\/unidades\/lapa\/wp-json\/wp\/v2\/media?parent=1528"}],"wp:term":[{"taxonomy":"category","embeddable":true,"href":"https:\/\/www.ifbaiano.edu.br\/unidades\/lapa\/wp-json\/wp\/v2\/categories?post=1528"},{"taxonomy":"post_tag","embeddable":true,"href":"https:\/\/www.ifbaiano.edu.br\/unidades\/lapa\/wp-json\/wp\/v2\/tags?post=1528"}],"curies":[{"name":"wp","href":"https:\/\/api.w.org\/{rel}","templated":true}]}}