{"id":15314,"date":"2019-12-10T11:25:52","date_gmt":"2019-12-10T14:25:52","guid":{"rendered":"http:\/\/www.ifbaiano.edu.br\/unidades\/lapa\/?p=15314"},"modified":"2019-12-10T11:25:52","modified_gmt":"2019-12-10T14:25:52","slug":"ii-coloquio-de-estatistica","status":"publish","type":"post","link":"https:\/\/www.ifbaiano.edu.br\/unidades\/lapa\/2019\/12\/10\/ii-coloquio-de-estatistica\/","title":{"rendered":"II Col\u00f3quio de Estat\u00edstica"},"content":{"rendered":"\n<figure class=\"wp-block-image\"><img decoding=\"async\" loading=\"lazy\" width=\"668\" height=\"707\" src=\"http:\/\/www.ifbaiano.edu.br\/unidades\/lapa\/files\/2019\/12\/cartaz_coloquio.jpeg\" alt=\"II Col\u00f3quio de Estat\u00edstica\" class=\"wp-image-15317\" \/><figcaption>Cartaz do II Col\u00f3quio de Estat\u00edstica<\/figcaption><\/figure>\n\n\n\n<p>\n\nParticipe do II Col\u00f3quio de Estat\u00edstica<\/p>\n\n\n\n<p>A turma de Agronomia (III semestre) convida Vossa Senhoria para participar do II Col\u00f3quio de Estat\u00edstica, com o tema &#8220;Planejamento Estat\u00edstico nas Ci\u00eancias Agr\u00e1rias&#8221;. O evento \u00e9 orientado pelo prof. Edi\u00eanio Farias, com o apoio da Coordena\u00e7\u00e3o de Engenharia Agron\u00f4mica do IF Baiano\/Campus Bom Jesus da Lapa. Esta proposta busca apresentar os resultados de estudos do segundo semestre letivo (2019.2) e discuss\u00f5es realizadas no componente curricular Estat\u00edstica B\u00e1sica.<br>Contamos com sua valiosa presen\u00e7a!<\/p>\n\n\n\n<p><a target=\"_blank\" href=\"https:\/\/docs.google.com\/forms\/d\/e\/1FAIpQLSdj6ervFs3_4R7H5zg_MosT6FJV_J9HJaqigkGwfpjIDaWzag\/viewform\" rel=\"noreferrer noopener\">Link de inscri\u00e7\u00e3o<\/a><\/p>\n\n\n\n<p>Data:&nbsp;20 de dezembro&nbsp;de 2019<br>Hor\u00e1rios: das 07:30 \u00e0s 12:30<br>P\u00fablico alvo: &nbsp;comunidade local e acad\u00eamica<br>Carga Hor\u00e1ria: 05 horas<\/p>\n\n\n\n<p>Programa\u00e7\u00e3o:<br>&#8211; Abertura<br>&#8211; Di\u00e1logo inicial: A Estat\u00edstica nas pesquisas acad\u00eamicas (Convidada: Me. Ariaidny Silva Faria)<br>&#8211; Mesa-redonda: Planejamento e an\u00e1lise estat\u00edstica nas Ci\u00eancias Agr\u00e1rias: representa\u00e7\u00e3o de dados e aspectos gerais de um experimento (Respons\u00e1veis: Estudantes do Curso de Agronomia)<br>&#8211; Di\u00e1logo (in)conclusivo: Os estudos de Estat\u00edstica na Engenharia Agron\u00f4mica (Respons\u00e1veis: Monitores e estudantes do componente curricular)<br>&#8211; Avalia\u00e7\u00e3o do II Col\u00f3quio (Respons\u00e1vel: Prof. Me. Edi\u00eanio Farias)<br>&#8211; \u00a0Encerramento <\/p>\n","protected":false},"excerpt":{"rendered":"<p>Participe do II Col\u00f3quio de Estat\u00edstica A turma de Agronomia (III semestre) convida Vossa Senhoria para participar do II Col\u00f3quio de Estat\u00edstica, com o tema &#8220;Planejamento Estat\u00edstico nas Ci\u00eancias Agr\u00e1rias&#8221;. O evento \u00e9 orientado pelo prof. Edi\u00eanio Farias, com o apoio da Coordena\u00e7\u00e3o de Engenharia Agron\u00f4mica do IF Baiano\/Campus Bom Jesus da Lapa. Esta proposta [&hellip;]<\/p>\n","protected":false},"author":100,"featured_media":15317,"comment_status":"open","ping_status":"open","sticky":false,"template":"","format":"standard","meta":[],"categories":[71,24,40,70,65],"tags":[],"_links":{"self":[{"href":"https:\/\/www.ifbaiano.edu.br\/unidades\/lapa\/wp-json\/wp\/v2\/posts\/15314"}],"collection":[{"href":"https:\/\/www.ifbaiano.edu.br\/unidades\/lapa\/wp-json\/wp\/v2\/posts"}],"about":[{"href":"https:\/\/www.ifbaiano.edu.br\/unidades\/lapa\/wp-json\/wp\/v2\/types\/post"}],"author":[{"embeddable":true,"href":"https:\/\/www.ifbaiano.edu.br\/unidades\/lapa\/wp-json\/wp\/v2\/users\/100"}],"replies":[{"embeddable":true,"href":"https:\/\/www.ifbaiano.edu.br\/unidades\/lapa\/wp-json\/wp\/v2\/comments?post=15314"}],"version-history":[{"count":3,"href":"https:\/\/www.ifbaiano.edu.br\/unidades\/lapa\/wp-json\/wp\/v2\/posts\/15314\/revisions"}],"predecessor-version":[{"id":15318,"href":"https:\/\/www.ifbaiano.edu.br\/unidades\/lapa\/wp-json\/wp\/v2\/posts\/15314\/revisions\/15318"}],"wp:featuredmedia":[{"embeddable":true,"href":"https:\/\/www.ifbaiano.edu.br\/unidades\/lapa\/wp-json\/wp\/v2\/media\/15317"}],"wp:attachment":[{"href":"https:\/\/www.ifbaiano.edu.br\/unidades\/lapa\/wp-json\/wp\/v2\/media?parent=15314"}],"wp:term":[{"taxonomy":"category","embeddable":true,"href":"https:\/\/www.ifbaiano.edu.br\/unidades\/lapa\/wp-json\/wp\/v2\/categories?post=15314"},{"taxonomy":"post_tag","embeddable":true,"href":"https:\/\/www.ifbaiano.edu.br\/unidades\/lapa\/wp-json\/wp\/v2\/tags?post=15314"}],"curies":[{"name":"wp","href":"https:\/\/api.w.org\/{rel}","templated":true}]}}