{"id":15347,"date":"2019-12-16T17:00:52","date_gmt":"2019-12-16T20:00:52","guid":{"rendered":"http:\/\/www.ifbaiano.edu.br\/unidades\/lapa\/?p=15347"},"modified":"2019-12-16T17:00:52","modified_gmt":"2019-12-16T20:00:52","slug":"observatorio-espacial-do-inpe-e-instalado-no-campus-do-if-baiano-de-bom-jesus-da-lapa","status":"publish","type":"post","link":"https:\/\/www.ifbaiano.edu.br\/unidades\/lapa\/2019\/12\/16\/observatorio-espacial-do-inpe-e-instalado-no-campus-do-if-baiano-de-bom-jesus-da-lapa\/","title":{"rendered":"Observat\u00f3rio Espacial do INPE \u00e9 instalado no Campus do IF Baiano de Bom Jesus da Lapa"},"content":{"rendered":"\n<figure class=\"wp-block-image\"><img decoding=\"async\" loading=\"lazy\" width=\"3456\" height=\"2304\" src=\"http:\/\/www.ifbaiano.edu.br\/unidades\/lapa\/files\/2019\/12\/IMG_8881.jpg\" alt=\"\" class=\"wp-image-15349\" \/><\/figure>\n\n\n\n<p>Uma parceria entre Instituto Federal de Educa\u00e7\u00e3o, Ci\u00eancia e Tecnologia Baiano (IF Baiano) e o Instituto Nacional de Pesquisas Espaciais (INPE), resultou na cria\u00e7\u00e3o do Observat\u00f3rio Espacial de Bom Jesus da Lapa.<\/p>\n\n\n\n<p>Durante a primeira semana de dezembro de 2019, foi conclu\u00edda a instala\u00e7\u00e3o do observat\u00f3rio que ir\u00e1 monitorar a regi\u00e3o da mesosfera (80 \u2013 100 km de altura) e da ionosfera (250 \u2013 300 km de altura) terrestre. Este observat\u00f3rio ir\u00e1 contribuir com o Programa de Estudo e Monitoramento Brasileiro do Clima Espacial (EMBRACE) do INPE na regi\u00e3o nordeste do Brasil.<\/p>\n\n\n\n<p>Um dos fen\u00f4menos que ser\u00e3o monitorados s\u00e3o as bolhas de plasma. Essas irregularidades ionosf\u00e9ricas causam atrasos nos sinais de r\u00e1dio e desta forma, afetam as comunica\u00e7\u00f5es em HF e o posicionamento de ve\u00edculos a\u00e9reos, mar\u00edtimos e terrestres baseados no sistema global de posicionamento por sat\u00e9lites. Desta forma, o Observat\u00f3rio Espacial de Bom Jesus da Lapa ir\u00e1 proporcionar um monitoramento estrat\u00e9gico das vari\u00e1veis de clima espacial contribuindo para o desenvolvimento institucional do IF Baiano por meio de pesquisa, desenvolvimento cient\u00edfico e tecnol\u00f3gico, difus\u00e3o do conhecimento e desenvolvimento social.<\/p>\n\n\n\n<p>A disponibiliza\u00e7\u00e3o de equipamentos e da equipe de profissionais para a instala\u00e7\u00e3o do observat\u00f3rio foram feitos pela\u00a0\u00a0Companhia de Desenvolvimento dos Vales do S\u00e3o Francisco e do Parna\u00edba (CODEVASF) e o Distrito de Irriga\u00e7\u00e3o Formoso(DIF).<\/p>\n","protected":false},"excerpt":{"rendered":"<p>Uma parceria entre Instituto Federal de Educa\u00e7\u00e3o, Ci\u00eancia e Tecnologia Baiano (IF Baiano) e o Instituto Nacional de Pesquisas Espaciais (INPE), resultou na cria\u00e7\u00e3o do Observat\u00f3rio Espacial de Bom Jesus da Lapa. Durante a primeira semana de dezembro de 2019, foi conclu\u00edda a instala\u00e7\u00e3o do observat\u00f3rio que ir\u00e1 monitorar a regi\u00e3o da mesosfera (80 \u2013 [&hellip;]<\/p>\n","protected":false},"author":100,"featured_media":15349,"comment_status":"open","ping_status":"open","sticky":false,"template":"","format":"standard","meta":[],"categories":[25,64,24,65],"tags":[],"_links":{"self":[{"href":"https:\/\/www.ifbaiano.edu.br\/unidades\/lapa\/wp-json\/wp\/v2\/posts\/15347"}],"collection":[{"href":"https:\/\/www.ifbaiano.edu.br\/unidades\/lapa\/wp-json\/wp\/v2\/posts"}],"about":[{"href":"https:\/\/www.ifbaiano.edu.br\/unidades\/lapa\/wp-json\/wp\/v2\/types\/post"}],"author":[{"embeddable":true,"href":"https:\/\/www.ifbaiano.edu.br\/unidades\/lapa\/wp-json\/wp\/v2\/users\/100"}],"replies":[{"embeddable":true,"href":"https:\/\/www.ifbaiano.edu.br\/unidades\/lapa\/wp-json\/wp\/v2\/comments?post=15347"}],"version-history":[{"count":2,"href":"https:\/\/www.ifbaiano.edu.br\/unidades\/lapa\/wp-json\/wp\/v2\/posts\/15347\/revisions"}],"predecessor-version":[{"id":15350,"href":"https:\/\/www.ifbaiano.edu.br\/unidades\/lapa\/wp-json\/wp\/v2\/posts\/15347\/revisions\/15350"}],"wp:featuredmedia":[{"embeddable":true,"href":"https:\/\/www.ifbaiano.edu.br\/unidades\/lapa\/wp-json\/wp\/v2\/media\/15349"}],"wp:attachment":[{"href":"https:\/\/www.ifbaiano.edu.br\/unidades\/lapa\/wp-json\/wp\/v2\/media?parent=15347"}],"wp:term":[{"taxonomy":"category","embeddable":true,"href":"https:\/\/www.ifbaiano.edu.br\/unidades\/lapa\/wp-json\/wp\/v2\/categories?post=15347"},{"taxonomy":"post_tag","embeddable":true,"href":"https:\/\/www.ifbaiano.edu.br\/unidades\/lapa\/wp-json\/wp\/v2\/tags?post=15347"}],"curies":[{"name":"wp","href":"https:\/\/api.w.org\/{rel}","templated":true}]}}