{"id":15395,"date":"2020-01-15T11:51:45","date_gmt":"2020-01-15T14:51:45","guid":{"rendered":"http:\/\/www.ifbaiano.edu.br\/unidades\/lapa\/?p=15395"},"modified":"2020-01-15T11:51:45","modified_gmt":"2020-01-15T14:51:45","slug":"nota-de-pesar-3","status":"publish","type":"post","link":"https:\/\/www.ifbaiano.edu.br\/unidades\/lapa\/2020\/01\/15\/nota-de-pesar-3\/","title":{"rendered":"Nota de Pesar"},"content":{"rendered":"\n<p align=\"justify\">\n\nO Campus Bom Jesus da Lapa vem manifestar o profundo pesar pelo falecimento da prestadora de Servi\u00e7os &#8211; CANTINA: JAILMA PEREIRA SANTOS, ocorrido na tarde de ter\u00e7a-feria dia 14\/01\/2020.<br>O enterro ser\u00e1 hoje, 15\/01\/2020, \u00e0s 17h na cidade de Bom Jesus da Lapa.<\/p>\n\n\n\n<p align=\"justify\">Deixamos nossas mais sinceras condol\u00eancias \u00e0 fam\u00edlia e aos amigos por esta inestim\u00e1vel perda.\n\n<\/p>\n","protected":false},"excerpt":{"rendered":"<p>O Campus Bom Jesus da Lapa vem manifestar o profundo pesar pelo falecimento da prestadora de Servi\u00e7os &#8211; CANTINA: JAILMA PEREIRA SANTOS, ocorrido na tarde de ter\u00e7a-feria dia 14\/01\/2020.O enterro ser\u00e1 hoje, 15\/01\/2020, \u00e0s 17h na cidade de Bom Jesus da Lapa. Deixamos nossas mais sinceras condol\u00eancias \u00e0 fam\u00edlia e aos amigos por esta inestim\u00e1vel [&hellip;]<\/p>\n","protected":false},"author":100,"featured_media":0,"comment_status":"open","ping_status":"open","sticky":false,"template":"","format":"standard","meta":[],"categories":[64,24,65],"tags":[],"_links":{"self":[{"href":"https:\/\/www.ifbaiano.edu.br\/unidades\/lapa\/wp-json\/wp\/v2\/posts\/15395"}],"collection":[{"href":"https:\/\/www.ifbaiano.edu.br\/unidades\/lapa\/wp-json\/wp\/v2\/posts"}],"about":[{"href":"https:\/\/www.ifbaiano.edu.br\/unidades\/lapa\/wp-json\/wp\/v2\/types\/post"}],"author":[{"embeddable":true,"href":"https:\/\/www.ifbaiano.edu.br\/unidades\/lapa\/wp-json\/wp\/v2\/users\/100"}],"replies":[{"embeddable":true,"href":"https:\/\/www.ifbaiano.edu.br\/unidades\/lapa\/wp-json\/wp\/v2\/comments?post=15395"}],"version-history":[{"count":2,"href":"https:\/\/www.ifbaiano.edu.br\/unidades\/lapa\/wp-json\/wp\/v2\/posts\/15395\/revisions"}],"predecessor-version":[{"id":15397,"href":"https:\/\/www.ifbaiano.edu.br\/unidades\/lapa\/wp-json\/wp\/v2\/posts\/15395\/revisions\/15397"}],"wp:attachment":[{"href":"https:\/\/www.ifbaiano.edu.br\/unidades\/lapa\/wp-json\/wp\/v2\/media?parent=15395"}],"wp:term":[{"taxonomy":"category","embeddable":true,"href":"https:\/\/www.ifbaiano.edu.br\/unidades\/lapa\/wp-json\/wp\/v2\/categories?post=15395"},{"taxonomy":"post_tag","embeddable":true,"href":"https:\/\/www.ifbaiano.edu.br\/unidades\/lapa\/wp-json\/wp\/v2\/tags?post=15395"}],"curies":[{"name":"wp","href":"https:\/\/api.w.org\/{rel}","templated":true}]}}