{"id":15461,"date":"2020-02-07T17:06:58","date_gmt":"2020-02-07T20:06:58","guid":{"rendered":"http:\/\/www.ifbaiano.edu.br\/unidades\/lapa\/?p=15461"},"modified":"2020-02-07T18:18:53","modified_gmt":"2020-02-07T21:18:53","slug":"campus-bom-jesus-da-lapa-realiza-jornada-pedagogica-2020","status":"publish","type":"post","link":"https:\/\/www.ifbaiano.edu.br\/unidades\/lapa\/2020\/02\/07\/campus-bom-jesus-da-lapa-realiza-jornada-pedagogica-2020\/","title":{"rendered":"Campus Bom Jesus da Lapa realiza Jornada Pedag\u00f3gica 2020"},"content":{"rendered":"\n<p><p align=\"justify\">Aconteceu nos dias 04 e 05 de fevereiro de 2020, a Jornada Pedag\u00f3gica no <em>Campus<\/em> Bom Jesus da Lapa que trouxe como tem\u00e1tica \u201cEstudos e pr\u00e1ticas sobre o ato de aprender: abordagens pedag\u00f3gicas na Educa\u00e7\u00e3o Profissional\u201d. No momento em que o <em>Campus<\/em> completa dez anos de atua\u00e7\u00e3o no Territ\u00f3rio de Identidade Velho Chico, os servidores t\u00e9cnico-administrativos e docentes puderam avaliar as a\u00e7\u00f5es de ensino, pesquisa e extens\u00e3o desenvolvidas no ano anterior no sentido de repensar formas de ensinar e aprender ainda mais inclusivas, pautadas na diversidade e no respeito \u00e0s diferen\u00e7as, sem perder de vista a qualidade dos servi\u00e7os prestados. Dentre as a\u00e7\u00f5es destaca-se a participa\u00e7\u00e3o da professora Isaura Francisco de Oliveira, docente da UNEB, <em>Campus<\/em> XVII e Coordenadora Pedag\u00f3gica do Col\u00e9gio Municipal Arnaldo Cardoso em Riacho de Santana-BA que abordou o tema Avalia\u00e7\u00e3o da aprendizagem e metodologias de \u201censinagem\u201d. A atividade oportunizou ainda a discuss\u00e3o sobre as reformula\u00e7\u00f5es e altera\u00e7\u00f5es dos projetos de curso e documentos regulamentadores do ensino m\u00e9dio e superior.  <\/p><\/p>\n\n\n\n<figure class=\"wp-block-gallery columns-3 is-cropped wp-block-gallery-1 is-layout-flex\"><ul class=\"blocks-gallery-grid\"><li class=\"blocks-gallery-item\"><figure><img decoding=\"async\" loading=\"lazy\" width=\"926\" height=\"532\" src=\"http:\/\/www.ifbaiano.edu.br\/unidades\/lapa\/files\/2020\/02\/2.png\" alt=\"\" data-id=\"15463\" data-link=\"http:\/\/www.ifbaiano.edu.br\/unidades\/lapa\/?attachment_id=15463\" class=\"wp-image-15463\" \/><\/figure><\/li><li class=\"blocks-gallery-item\"><figure><img decoding=\"async\" loading=\"lazy\" width=\"1040\" height=\"612\" src=\"http:\/\/www.ifbaiano.edu.br\/unidades\/lapa\/files\/2020\/02\/1.png\" alt=\"\" data-id=\"15462\" data-link=\"http:\/\/www.ifbaiano.edu.br\/unidades\/lapa\/?attachment_id=15462\" class=\"wp-image-15462\" \/><\/figure><\/li><li class=\"blocks-gallery-item\"><figure><img decoding=\"async\" loading=\"lazy\" width=\"3882\" height=\"1750\" src=\"http:\/\/www.ifbaiano.edu.br\/unidades\/lapa\/files\/2020\/02\/4.png\" alt=\"\" data-id=\"15465\" data-link=\"http:\/\/www.ifbaiano.edu.br\/unidades\/lapa\/?attachment_id=15465\" class=\"wp-image-15465\" \/><\/figure><\/li><li class=\"blocks-gallery-item\"><figure><img decoding=\"async\" loading=\"lazy\" width=\"1073\" height=\"466\" src=\"http:\/\/www.ifbaiano.edu.br\/unidades\/lapa\/files\/2020\/02\/3.png\" alt=\"\" data-id=\"15464\" data-link=\"http:\/\/www.ifbaiano.edu.br\/unidades\/lapa\/?attachment_id=15464\" class=\"wp-image-15464\" \/><\/figure><\/li><\/ul><\/figure>\n","protected":false},"excerpt":{"rendered":"<p>Aconteceu nos dias 04 e 05 de fevereiro de 2020, a Jornada Pedag\u00f3gica no Campus Bom Jesus da Lapa que trouxe como tem\u00e1tica \u201cEstudos e pr\u00e1ticas sobre o ato de aprender: abordagens pedag\u00f3gicas na Educa\u00e7\u00e3o Profissional\u201d. No momento em que o Campus completa dez anos de atua\u00e7\u00e3o no Territ\u00f3rio de Identidade Velho Chico, os servidores [&hellip;]<\/p>\n","protected":false},"author":100,"featured_media":15464,"comment_status":"open","ping_status":"open","sticky":false,"template":"","format":"standard","meta":[],"categories":[41,64,39,24,65],"tags":[],"_links":{"self":[{"href":"https:\/\/www.ifbaiano.edu.br\/unidades\/lapa\/wp-json\/wp\/v2\/posts\/15461"}],"collection":[{"href":"https:\/\/www.ifbaiano.edu.br\/unidades\/lapa\/wp-json\/wp\/v2\/posts"}],"about":[{"href":"https:\/\/www.ifbaiano.edu.br\/unidades\/lapa\/wp-json\/wp\/v2\/types\/post"}],"author":[{"embeddable":true,"href":"https:\/\/www.ifbaiano.edu.br\/unidades\/lapa\/wp-json\/wp\/v2\/users\/100"}],"replies":[{"embeddable":true,"href":"https:\/\/www.ifbaiano.edu.br\/unidades\/lapa\/wp-json\/wp\/v2\/comments?post=15461"}],"version-history":[{"count":3,"href":"https:\/\/www.ifbaiano.edu.br\/unidades\/lapa\/wp-json\/wp\/v2\/posts\/15461\/revisions"}],"predecessor-version":[{"id":15479,"href":"https:\/\/www.ifbaiano.edu.br\/unidades\/lapa\/wp-json\/wp\/v2\/posts\/15461\/revisions\/15479"}],"wp:featuredmedia":[{"embeddable":true,"href":"https:\/\/www.ifbaiano.edu.br\/unidades\/lapa\/wp-json\/wp\/v2\/media\/15464"}],"wp:attachment":[{"href":"https:\/\/www.ifbaiano.edu.br\/unidades\/lapa\/wp-json\/wp\/v2\/media?parent=15461"}],"wp:term":[{"taxonomy":"category","embeddable":true,"href":"https:\/\/www.ifbaiano.edu.br\/unidades\/lapa\/wp-json\/wp\/v2\/categories?post=15461"},{"taxonomy":"post_tag","embeddable":true,"href":"https:\/\/www.ifbaiano.edu.br\/unidades\/lapa\/wp-json\/wp\/v2\/tags?post=15461"}],"curies":[{"name":"wp","href":"https:\/\/api.w.org\/{rel}","templated":true}]}}