{"id":15469,"date":"2020-02-07T17:12:22","date_gmt":"2020-02-07T20:12:22","guid":{"rendered":"http:\/\/www.ifbaiano.edu.br\/unidades\/lapa\/?p=15469"},"modified":"2020-02-07T18:20:50","modified_gmt":"2020-02-07T21:20:50","slug":"campus-bom-jesus-da-lapa-inicia-atividades-letivas-com-o-ingresso-de-197-novos-estudantes","status":"publish","type":"post","link":"https:\/\/www.ifbaiano.edu.br\/unidades\/lapa\/2020\/02\/07\/campus-bom-jesus-da-lapa-inicia-atividades-letivas-com-o-ingresso-de-197-novos-estudantes\/","title":{"rendered":"Campus Bom Jesus da Lapa inicia atividades letivas com o ingresso de 197 novos estudantes"},"content":{"rendered":"\n<p><p align=\"justify\">O <em>Campus<\/em> Bom Jesus da Lapa iniciou o ano letivo de 2020 dos cursos t\u00e9cnicos de n\u00edvel m\u00e9dio integrado e subsequente com o ingresso de 197 estudantes. Para acolher e orientar os calouros a equipe de servidores organizou dois dias de atividades diversificadas. A atividade inicial foi \u201cPrazer em conhecer, o IF \u00e9 voc\u00ea\u201d na qual al\u00e9m de receberem as boas vindas da equipe gestora os estudantes apreciaram apresenta\u00e7\u00f5es art\u00edsticas e culturais de veteranos, do Grupo de Teatro Sert\u00e3o em Cores e do Projeto IF Dance. Nos demais dias foram desenvolvidas atividades din\u00e2micas e oficinas com os servidores da biblioteca, laborat\u00f3rios, coordena\u00e7\u00e3o de curso, coordena\u00e7\u00e3o de Assist\u00eancia Estudantil (CAE), N\u00facleo de Acesso, Perman\u00eancia e \u00caxito (NUAPE), Secretaria de Registro Acad\u00eamico (SRA), Coordena\u00e7\u00e3o de Extens\u00e3o, N\u00facleo de Atendimento \u00e0s Pessoas com Necessidades Educacionais Espec\u00edficas (NAPNE), N\u00facleo de Estudos Afro-brasileiros e Ind\u00edgenas (NEABI). <\/p><\/p>\n\n\n\n<figure class=\"wp-block-gallery columns-3 is-cropped wp-block-gallery-1 is-layout-flex\"><ul class=\"blocks-gallery-grid\"><li class=\"blocks-gallery-item\"><figure><img decoding=\"async\" loading=\"lazy\" width=\"1280\" height=\"738\" src=\"http:\/\/www.ifbaiano.edu.br\/unidades\/lapa\/files\/2020\/02\/4-1.png\" alt=\"\" data-id=\"15473\" data-link=\"http:\/\/www.ifbaiano.edu.br\/unidades\/lapa\/?attachment_id=15473\" class=\"wp-image-15473\" \/><\/figure><\/li><li class=\"blocks-gallery-item\"><figure><img decoding=\"async\" loading=\"lazy\" width=\"3456\" height=\"2304\" src=\"http:\/\/www.ifbaiano.edu.br\/unidades\/lapa\/files\/2020\/02\/5-1.jpg\" alt=\"\" data-id=\"15474\" data-link=\"http:\/\/www.ifbaiano.edu.br\/unidades\/lapa\/?attachment_id=15474\" class=\"wp-image-15474\" \/><\/figure><\/li><li class=\"blocks-gallery-item\"><figure><img decoding=\"async\" loading=\"lazy\" width=\"1280\" height=\"835\" src=\"http:\/\/www.ifbaiano.edu.br\/unidades\/lapa\/files\/2020\/02\/6.png\" alt=\"\" data-id=\"15475\" data-link=\"http:\/\/www.ifbaiano.edu.br\/unidades\/lapa\/?attachment_id=15475\" class=\"wp-image-15475\" \/><\/figure><\/li><\/ul><\/figure>\n","protected":false},"excerpt":{"rendered":"<p>O Campus Bom Jesus da Lapa iniciou o ano letivo de 2020 dos cursos t\u00e9cnicos de n\u00edvel m\u00e9dio integrado e subsequente com o ingresso de 197 estudantes. Para acolher e orientar os calouros a equipe de servidores organizou dois dias de atividades diversificadas. A atividade inicial foi \u201cPrazer em conhecer, o IF \u00e9 voc\u00ea\u201d na [&hellip;]<\/p>\n","protected":false},"author":100,"featured_media":15475,"comment_status":"open","ping_status":"open","sticky":false,"template":"","format":"standard","meta":[],"categories":[32,41,64,39,30,24,68,40,69,65],"tags":[],"_links":{"self":[{"href":"https:\/\/www.ifbaiano.edu.br\/unidades\/lapa\/wp-json\/wp\/v2\/posts\/15469"}],"collection":[{"href":"https:\/\/www.ifbaiano.edu.br\/unidades\/lapa\/wp-json\/wp\/v2\/posts"}],"about":[{"href":"https:\/\/www.ifbaiano.edu.br\/unidades\/lapa\/wp-json\/wp\/v2\/types\/post"}],"author":[{"embeddable":true,"href":"https:\/\/www.ifbaiano.edu.br\/unidades\/lapa\/wp-json\/wp\/v2\/users\/100"}],"replies":[{"embeddable":true,"href":"https:\/\/www.ifbaiano.edu.br\/unidades\/lapa\/wp-json\/wp\/v2\/comments?post=15469"}],"version-history":[{"count":2,"href":"https:\/\/www.ifbaiano.edu.br\/unidades\/lapa\/wp-json\/wp\/v2\/posts\/15469\/revisions"}],"predecessor-version":[{"id":15477,"href":"https:\/\/www.ifbaiano.edu.br\/unidades\/lapa\/wp-json\/wp\/v2\/posts\/15469\/revisions\/15477"}],"wp:featuredmedia":[{"embeddable":true,"href":"https:\/\/www.ifbaiano.edu.br\/unidades\/lapa\/wp-json\/wp\/v2\/media\/15475"}],"wp:attachment":[{"href":"https:\/\/www.ifbaiano.edu.br\/unidades\/lapa\/wp-json\/wp\/v2\/media?parent=15469"}],"wp:term":[{"taxonomy":"category","embeddable":true,"href":"https:\/\/www.ifbaiano.edu.br\/unidades\/lapa\/wp-json\/wp\/v2\/categories?post=15469"},{"taxonomy":"post_tag","embeddable":true,"href":"https:\/\/www.ifbaiano.edu.br\/unidades\/lapa\/wp-json\/wp\/v2\/tags?post=15469"}],"curies":[{"name":"wp","href":"https:\/\/api.w.org\/{rel}","templated":true}]}}