{"id":15522,"date":"2020-02-13T07:25:00","date_gmt":"2020-02-13T10:25:00","guid":{"rendered":"http:\/\/www.ifbaiano.edu.br\/unidades\/lapa\/?p=15522"},"modified":"2020-02-13T08:35:58","modified_gmt":"2020-02-13T11:35:58","slug":"autoavaliacao-institucional","status":"publish","type":"post","link":"https:\/\/www.ifbaiano.edu.br\/unidades\/lapa\/2020\/02\/13\/autoavaliacao-institucional\/","title":{"rendered":"Autoavalia\u00e7\u00e3o Institucional"},"content":{"rendered":"\n<p><p align=\"justify\">A&nbsp;Comiss\u00e3o  Pr\u00f3pria de Avalia\u00e7\u00e3o \u2013 CPA convida toda a comunidade interna e externa  do IF Baiano a preencher o question\u00e1rio de Autoavalia\u00e7\u00e3o Institucional.  Queremos saber a sua&nbsp;opini\u00e3o &#8211; servidor, discente do ensino superior e sociedade civil &#8211; sobre os aspectos relacionados \u00e0s&nbsp;\u00e1reas acad\u00eamica e administrativa&nbsp;objetivando refletir sobre diversos aspectos e&nbsp;planejar novas a\u00e7\u00f5es. Contribua, preencha o formul\u00e1rio e ajude a&nbsp;melhorar a&nbsp;nossa&nbsp;qualidade educativa&nbsp;e&nbsp;relev\u00e2ncia social!<\/p><\/p>\n\n\n\n<figure class=\"wp-block-image size-large\"><a href=\"https:\/\/opinanovo.ifbaiano.edu.br\/\" target=\"_blank\" rel=\"noopener noreferrer\"><img decoding=\"async\" loading=\"lazy\" width=\"1000\" height=\"1000\" src=\"http:\/\/www.ifbaiano.edu.br\/unidades\/lapa\/files\/2020\/02\/card-CPA-2020.png\" alt=\"\" class=\"wp-image-15523\" \/><\/a><\/figure>\n\n\n\n<p><strong><a href=\"https:\/\/opinanovo.ifbaiano.edu.br\/\" target=\"_blank\" rel=\"noreferrer noopener\" aria-label=\"Link de acesso (abre numa nova aba)\">Link de acesso<\/a><\/strong><\/p>\n","protected":false},"excerpt":{"rendered":"<p>A&nbsp;Comiss\u00e3o Pr\u00f3pria de Avalia\u00e7\u00e3o \u2013 CPA convida toda a comunidade interna e externa do IF Baiano a preencher o question\u00e1rio de Autoavalia\u00e7\u00e3o Institucional. Queremos saber a sua&nbsp;opini\u00e3o &#8211; servidor, discente do ensino superior e sociedade civil &#8211; sobre os aspectos relacionados \u00e0s&nbsp;\u00e1reas acad\u00eamica e administrativa&nbsp;objetivando refletir sobre diversos aspectos e&nbsp;planejar novas a\u00e7\u00f5es. Contribua, preencha o [&hellip;]<\/p>\n","protected":false},"author":100,"featured_media":15523,"comment_status":"open","ping_status":"open","sticky":false,"template":"","format":"standard","meta":[],"categories":[64,24,65],"tags":[],"_links":{"self":[{"href":"https:\/\/www.ifbaiano.edu.br\/unidades\/lapa\/wp-json\/wp\/v2\/posts\/15522"}],"collection":[{"href":"https:\/\/www.ifbaiano.edu.br\/unidades\/lapa\/wp-json\/wp\/v2\/posts"}],"about":[{"href":"https:\/\/www.ifbaiano.edu.br\/unidades\/lapa\/wp-json\/wp\/v2\/types\/post"}],"author":[{"embeddable":true,"href":"https:\/\/www.ifbaiano.edu.br\/unidades\/lapa\/wp-json\/wp\/v2\/users\/100"}],"replies":[{"embeddable":true,"href":"https:\/\/www.ifbaiano.edu.br\/unidades\/lapa\/wp-json\/wp\/v2\/comments?post=15522"}],"version-history":[{"count":6,"href":"https:\/\/www.ifbaiano.edu.br\/unidades\/lapa\/wp-json\/wp\/v2\/posts\/15522\/revisions"}],"predecessor-version":[{"id":15529,"href":"https:\/\/www.ifbaiano.edu.br\/unidades\/lapa\/wp-json\/wp\/v2\/posts\/15522\/revisions\/15529"}],"wp:featuredmedia":[{"embeddable":true,"href":"https:\/\/www.ifbaiano.edu.br\/unidades\/lapa\/wp-json\/wp\/v2\/media\/15523"}],"wp:attachment":[{"href":"https:\/\/www.ifbaiano.edu.br\/unidades\/lapa\/wp-json\/wp\/v2\/media?parent=15522"}],"wp:term":[{"taxonomy":"category","embeddable":true,"href":"https:\/\/www.ifbaiano.edu.br\/unidades\/lapa\/wp-json\/wp\/v2\/categories?post=15522"},{"taxonomy":"post_tag","embeddable":true,"href":"https:\/\/www.ifbaiano.edu.br\/unidades\/lapa\/wp-json\/wp\/v2\/tags?post=15522"}],"curies":[{"name":"wp","href":"https:\/\/api.w.org\/{rel}","templated":true}]}}