{"id":15546,"date":"2020-02-17T10:52:55","date_gmt":"2020-02-17T13:52:55","guid":{"rendered":"http:\/\/www.ifbaiano.edu.br\/unidades\/lapa\/?p=15546"},"modified":"2020-02-17T11:17:26","modified_gmt":"2020-02-17T14:17:26","slug":"edital-paise-2020","status":"publish","type":"post","link":"https:\/\/www.ifbaiano.edu.br\/unidades\/lapa\/2020\/02\/17\/edital-paise-2020\/","title":{"rendered":"Edital PAISE 2020"},"content":{"rendered":"\n<figure class=\"wp-block-gallery columns-1 is-cropped wp-block-gallery-1 is-layout-flex\"><ul class=\"blocks-gallery-grid\"><li class=\"blocks-gallery-item\"><figure><img decoding=\"async\" loading=\"lazy\" width=\"1058\" height=\"595\" src=\"http:\/\/www.ifbaiano.edu.br\/unidades\/lapa\/files\/2020\/02\/cartaz.PAISE-2020.png\" alt=\"\" data-id=\"15554\" data-link=\"http:\/\/www.ifbaiano.edu.br\/unidades\/lapa\/2020\/02\/17\/edital-paise-2020\/cartaz-paise-2020-2\/\" class=\"wp-image-15554\" \/><\/figure><\/li><\/ul><\/figure>\n\n\n\n<p><p align=\"justify\"> O PAISE \u00e9 o Programa de Assist\u00eancia e Inclus\u00e3o Social do Estudante que visa contribuir para a perman\u00eancia e conclus\u00e3o do curso do estudante em vulnerabilidade sociecon\u00f4mica.<br>Este ano, no Campus o PAISE ser\u00e1 composto por 04 benef\u00edcios:<br>1- Aux\u00edlio Moradia &#8211; 18 vagas<br>2- Aux\u00edlio Perman\u00eancia &#8211; 11 vagas<br>3- Aux\u00edlio Transporte &#8211; 60 vagas<br>4- Aux\u00edlio Creche &#8211; 03 vagas<\/p><\/p>\n\n\n\n<p>Leiam o Edital e conhe\u00e7am os crit\u00e9rios de sele\u00e7\u00e3o!!!<\/p>\n\n\n\n<p style=\"text-transform:uppercase\" align=\"justify\">As inscri\u00e7\u00f5es ocorrer\u00e3o no per\u00edodo de 02 a 09 de mar\u00e7o.<\/p>\n\n\n\n<div class=\"wp-block-file\"><a href=\"http:\/\/www.ifbaiano.edu.br\/unidades\/lapa\/files\/2020\/02\/Edital-N\u00ba-05-PAISE-2020.pdf\" target=\"_blank\" rel=\"noopener noreferrer\">Edital PAISE 2020<\/a><\/div>\n\n\n\n<div class=\"wp-block-file\"><a href=\"http:\/\/www.ifbaiano.edu.br\/unidades\/lapa\/files\/2020\/02\/Folder-PAISE-2020.pdf\" target=\"_blank\" rel=\"noopener noreferrer\">Folder PAISE 2020<\/a><\/div>\n\n\n\n<div class=\"wp-block-file\"><a href=\"http:\/\/www.ifbaiano.edu.br\/unidades\/lapa\/files\/2020\/02\/cronograma-PAISE-2020.pdf\" target=\"_blank\" rel=\"noopener noreferrer\">Cronograma PAISE 2020<\/a><\/div>\n\n\n\n<div class=\"wp-block-file\"><a href=\"http:\/\/www.ifbaiano.edu.br\/unidades\/lapa\/files\/2020\/02\/Aux\u00edlios-implementados-do-PAISE-no-Campus-BJL-2020.pdf\" target=\"_blank\" rel=\"noopener noreferrer\">Aux\u00edlios implementados do PAISE no Campus 2020<\/a><\/div>\n","protected":false},"excerpt":{"rendered":"<p>O PAISE \u00e9 o Programa de Assist\u00eancia e Inclus\u00e3o Social do Estudante que visa contribuir para a perman\u00eancia e conclus\u00e3o do curso do estudante em vulnerabilidade sociecon\u00f4mica.Este ano, no Campus o PAISE ser\u00e1 composto por 04 benef\u00edcios:1- Aux\u00edlio Moradia &#8211; 18 vagas2- Aux\u00edlio Perman\u00eancia &#8211; 11 vagas3- Aux\u00edlio Transporte &#8211; 60 vagas4- Aux\u00edlio Creche &#8211; [&hellip;]<\/p>\n","protected":false},"author":100,"featured_media":15554,"comment_status":"open","ping_status":"open","sticky":false,"template":"","format":"standard","meta":[],"categories":[32,64,30,24,65],"tags":[],"_links":{"self":[{"href":"https:\/\/www.ifbaiano.edu.br\/unidades\/lapa\/wp-json\/wp\/v2\/posts\/15546"}],"collection":[{"href":"https:\/\/www.ifbaiano.edu.br\/unidades\/lapa\/wp-json\/wp\/v2\/posts"}],"about":[{"href":"https:\/\/www.ifbaiano.edu.br\/unidades\/lapa\/wp-json\/wp\/v2\/types\/post"}],"author":[{"embeddable":true,"href":"https:\/\/www.ifbaiano.edu.br\/unidades\/lapa\/wp-json\/wp\/v2\/users\/100"}],"replies":[{"embeddable":true,"href":"https:\/\/www.ifbaiano.edu.br\/unidades\/lapa\/wp-json\/wp\/v2\/comments?post=15546"}],"version-history":[{"count":3,"href":"https:\/\/www.ifbaiano.edu.br\/unidades\/lapa\/wp-json\/wp\/v2\/posts\/15546\/revisions"}],"predecessor-version":[{"id":15555,"href":"https:\/\/www.ifbaiano.edu.br\/unidades\/lapa\/wp-json\/wp\/v2\/posts\/15546\/revisions\/15555"}],"wp:featuredmedia":[{"embeddable":true,"href":"https:\/\/www.ifbaiano.edu.br\/unidades\/lapa\/wp-json\/wp\/v2\/media\/15554"}],"wp:attachment":[{"href":"https:\/\/www.ifbaiano.edu.br\/unidades\/lapa\/wp-json\/wp\/v2\/media?parent=15546"}],"wp:term":[{"taxonomy":"category","embeddable":true,"href":"https:\/\/www.ifbaiano.edu.br\/unidades\/lapa\/wp-json\/wp\/v2\/categories?post=15546"},{"taxonomy":"post_tag","embeddable":true,"href":"https:\/\/www.ifbaiano.edu.br\/unidades\/lapa\/wp-json\/wp\/v2\/tags?post=15546"}],"curies":[{"name":"wp","href":"https:\/\/api.w.org\/{rel}","templated":true}]}}