{"id":15591,"date":"2020-02-20T17:12:58","date_gmt":"2020-02-20T20:12:58","guid":{"rendered":"https:\/\/www.ifbaiano.edu.br\/unidades\/lapa\/?p=15591"},"modified":"2020-02-20T17:22:48","modified_gmt":"2020-02-20T20:22:48","slug":"resultado-preliminar-do-processo-seletivo-edital-28-2020","status":"publish","type":"post","link":"https:\/\/www.ifbaiano.edu.br\/unidades\/lapa\/2020\/02\/20\/resultado-preliminar-do-processo-seletivo-edital-28-2020\/","title":{"rendered":"Resultado Preliminar do Processo Seletivo &#8211; Edital 28\/2020"},"content":{"rendered":"\n<p><p align=\"justify\">O IF Baiano &#8211; <i>Campus<\/i> Bom Jesus da Lapa torna p\u00fablico o Resultado Preliminar do Processo Seletivo regido pelo Edital 28, de 07 de janeiro de 2020, referente \u00e0 sele\u00e7\u00e3o de estudantes para preenchimento de vagas ociosas no \u00e2mbito do curso de Engenharia Agron\u00f4mica &#8211; Campus Bom Jesus da Lapa.<\/p>\n\n\n\n<div class=\"wp-block-file\"><a href=\"https:\/\/www.ifbaiano.edu.br\/unidades\/lapa\/files\/2020\/02\/RESULTADO_PRELIMINAR.pdf\" target=\"_blank\" rel=\"noopener noreferrer\" style=\"text-transform:uppercase\">Resultado Preliminar<\/a><\/div>\n","protected":false},"excerpt":{"rendered":"<p>O IF Baiano &#8211; Campus Bom Jesus da Lapa torna p\u00fablico o Resultado Preliminar do Processo Seletivo regido pelo Edital 28, de 07 de janeiro de 2020, referente \u00e0 sele\u00e7\u00e3o de estudantes para preenchimento de vagas ociosas no \u00e2mbito do curso de Engenharia Agron\u00f4mica &#8211; Campus Bom Jesus da Lapa. Resultado Preliminar<\/p>\n","protected":false},"author":100,"featured_media":0,"comment_status":"open","ping_status":"open","sticky":false,"template":"","format":"standard","meta":[],"categories":[34,64,39,24,70,65],"tags":[],"_links":{"self":[{"href":"https:\/\/www.ifbaiano.edu.br\/unidades\/lapa\/wp-json\/wp\/v2\/posts\/15591"}],"collection":[{"href":"https:\/\/www.ifbaiano.edu.br\/unidades\/lapa\/wp-json\/wp\/v2\/posts"}],"about":[{"href":"https:\/\/www.ifbaiano.edu.br\/unidades\/lapa\/wp-json\/wp\/v2\/types\/post"}],"author":[{"embeddable":true,"href":"https:\/\/www.ifbaiano.edu.br\/unidades\/lapa\/wp-json\/wp\/v2\/users\/100"}],"replies":[{"embeddable":true,"href":"https:\/\/www.ifbaiano.edu.br\/unidades\/lapa\/wp-json\/wp\/v2\/comments?post=15591"}],"version-history":[{"count":4,"href":"https:\/\/www.ifbaiano.edu.br\/unidades\/lapa\/wp-json\/wp\/v2\/posts\/15591\/revisions"}],"predecessor-version":[{"id":15597,"href":"https:\/\/www.ifbaiano.edu.br\/unidades\/lapa\/wp-json\/wp\/v2\/posts\/15591\/revisions\/15597"}],"wp:attachment":[{"href":"https:\/\/www.ifbaiano.edu.br\/unidades\/lapa\/wp-json\/wp\/v2\/media?parent=15591"}],"wp:term":[{"taxonomy":"category","embeddable":true,"href":"https:\/\/www.ifbaiano.edu.br\/unidades\/lapa\/wp-json\/wp\/v2\/categories?post=15591"},{"taxonomy":"post_tag","embeddable":true,"href":"https:\/\/www.ifbaiano.edu.br\/unidades\/lapa\/wp-json\/wp\/v2\/tags?post=15591"}],"curies":[{"name":"wp","href":"https:\/\/api.w.org\/{rel}","templated":true}]}}