{"id":15652,"date":"2020-03-11T12:58:27","date_gmt":"2020-03-11T15:58:27","guid":{"rendered":"https:\/\/www.ifbaiano.edu.br\/unidades\/lapa\/?p=15652"},"modified":"2020-03-11T12:58:27","modified_gmt":"2020-03-11T15:58:27","slug":"suspensao-das-atividades-no-dia-11-de-marco-de-2020","status":"publish","type":"post","link":"https:\/\/www.ifbaiano.edu.br\/unidades\/lapa\/2020\/03\/11\/suspensao-das-atividades-no-dia-11-de-marco-de-2020\/","title":{"rendered":"Suspens\u00e3o das atividades no dia 11 de mar\u00e7o de 2020"},"content":{"rendered":"\n<p>Informamos que, em raz\u00e3o da falta de energia el\u00e9trica e consequentemente do abastecimento de \u00e1gua e outros servi\u00e7os, as atividades pedag\u00f3gicas (aulas) e administrativas foram suspensas, a partir das 10h00 de 11 de mar\u00e7o de 2020, no \u00e2mbito do C\u00e2mpus Bom Jesus da Lapa.<\/p>\n\n\n\n<p>Conforme ocorr\u00eancia registrada junto \u00e0 Coelba, n\u00e3o h\u00e1 previs\u00e3o do restabelecimento do fornecimento de energia el\u00e9trica na localiza\u00e7\u00e3o onde se encontra o nosso c\u00e2mpus. T\u00e3o logo seja solucionado o problema, comunicaremos a todos atrav\u00e9s dos meios de comunica\u00e7\u00f5es oficiais deste c\u00e2mpus.<\/p>\n\n\n\n<p>Fonte: Gabinete da Dire\u00e7\u00e3o-Geral<\/p>\n","protected":false},"excerpt":{"rendered":"<p>Informamos que, em raz\u00e3o da falta de energia el\u00e9trica e consequentemente do abastecimento de \u00e1gua e outros servi\u00e7os, as atividades pedag\u00f3gicas (aulas) e administrativas foram suspensas, a partir das 10h00 de 11 de mar\u00e7o de 2020, no \u00e2mbito do C\u00e2mpus Bom Jesus da Lapa. Conforme ocorr\u00eancia registrada junto \u00e0 Coelba, n\u00e3o h\u00e1 previs\u00e3o do restabelecimento [&hellip;]<\/p>\n","protected":false},"author":100,"featured_media":0,"comment_status":"open","ping_status":"open","sticky":false,"template":"","format":"standard","meta":[],"categories":[64,39,26,24,65],"tags":[],"_links":{"self":[{"href":"https:\/\/www.ifbaiano.edu.br\/unidades\/lapa\/wp-json\/wp\/v2\/posts\/15652"}],"collection":[{"href":"https:\/\/www.ifbaiano.edu.br\/unidades\/lapa\/wp-json\/wp\/v2\/posts"}],"about":[{"href":"https:\/\/www.ifbaiano.edu.br\/unidades\/lapa\/wp-json\/wp\/v2\/types\/post"}],"author":[{"embeddable":true,"href":"https:\/\/www.ifbaiano.edu.br\/unidades\/lapa\/wp-json\/wp\/v2\/users\/100"}],"replies":[{"embeddable":true,"href":"https:\/\/www.ifbaiano.edu.br\/unidades\/lapa\/wp-json\/wp\/v2\/comments?post=15652"}],"version-history":[{"count":1,"href":"https:\/\/www.ifbaiano.edu.br\/unidades\/lapa\/wp-json\/wp\/v2\/posts\/15652\/revisions"}],"predecessor-version":[{"id":15653,"href":"https:\/\/www.ifbaiano.edu.br\/unidades\/lapa\/wp-json\/wp\/v2\/posts\/15652\/revisions\/15653"}],"wp:attachment":[{"href":"https:\/\/www.ifbaiano.edu.br\/unidades\/lapa\/wp-json\/wp\/v2\/media?parent=15652"}],"wp:term":[{"taxonomy":"category","embeddable":true,"href":"https:\/\/www.ifbaiano.edu.br\/unidades\/lapa\/wp-json\/wp\/v2\/categories?post=15652"},{"taxonomy":"post_tag","embeddable":true,"href":"https:\/\/www.ifbaiano.edu.br\/unidades\/lapa\/wp-json\/wp\/v2\/tags?post=15652"}],"curies":[{"name":"wp","href":"https:\/\/api.w.org\/{rel}","templated":true}]}}