{"id":15656,"date":"2020-03-12T08:04:35","date_gmt":"2020-03-12T11:04:35","guid":{"rendered":"https:\/\/www.ifbaiano.edu.br\/unidades\/lapa\/?p=15656"},"modified":"2020-03-12T08:04:35","modified_gmt":"2020-03-12T11:04:35","slug":"lista-de-inscricoes-homologadas-e-agendamento-do-horario-de-entrevistas-paise","status":"publish","type":"post","link":"https:\/\/www.ifbaiano.edu.br\/unidades\/lapa\/2020\/03\/12\/lista-de-inscricoes-homologadas-e-agendamento-do-horario-de-entrevistas-paise\/","title":{"rendered":"Lista de inscri\u00e7\u00f5es homologadas e agendamento do hor\u00e1rio de entrevistas PAISE"},"content":{"rendered":"\n<p> A Comiss\u00e3o Local de Assist\u00eancia Estudantil publica a lista de inscri\u00e7\u00f5es homologadas no EDITAL PAISE N\u00ba 05\/2020 e agendamento do hor\u00e1rio de entrevistas.<br>As entrevistas ocorrer\u00e3o entre os dias 16 \u00a0e\u00a025 de mar\u00e7o, conforme lista, na Sala da Assistente Social.<\/p>\n\n\n\n<div class=\"wp-block-file\"><a href=\"https:\/\/www.ifbaiano.edu.br\/unidades\/lapa\/files\/2020\/03\/Homologacao_e_Publicacao_para_agendamento_de_entrevistas_PAISE-2020_11_03_2020.pdf\">Homologa\u00e7\u00e3o e Publica\u00e7\u00e3o para agendamento de entrevistas PAISE 2020<\/a><\/div>\n","protected":false},"excerpt":{"rendered":"<p>A Comiss\u00e3o Local de Assist\u00eancia Estudantil publica a lista de inscri\u00e7\u00f5es homologadas no EDITAL PAISE N\u00ba 05\/2020 e agendamento do hor\u00e1rio de entrevistas.As entrevistas ocorrer\u00e3o entre os dias 16 \u00a0e\u00a025 de mar\u00e7o, conforme lista, na Sala da Assistente Social.<\/p>\n","protected":false},"author":100,"featured_media":0,"comment_status":"open","ping_status":"open","sticky":false,"template":"","format":"standard","meta":[],"categories":[32,64,30,24,65],"tags":[],"_links":{"self":[{"href":"https:\/\/www.ifbaiano.edu.br\/unidades\/lapa\/wp-json\/wp\/v2\/posts\/15656"}],"collection":[{"href":"https:\/\/www.ifbaiano.edu.br\/unidades\/lapa\/wp-json\/wp\/v2\/posts"}],"about":[{"href":"https:\/\/www.ifbaiano.edu.br\/unidades\/lapa\/wp-json\/wp\/v2\/types\/post"}],"author":[{"embeddable":true,"href":"https:\/\/www.ifbaiano.edu.br\/unidades\/lapa\/wp-json\/wp\/v2\/users\/100"}],"replies":[{"embeddable":true,"href":"https:\/\/www.ifbaiano.edu.br\/unidades\/lapa\/wp-json\/wp\/v2\/comments?post=15656"}],"version-history":[{"count":1,"href":"https:\/\/www.ifbaiano.edu.br\/unidades\/lapa\/wp-json\/wp\/v2\/posts\/15656\/revisions"}],"predecessor-version":[{"id":15658,"href":"https:\/\/www.ifbaiano.edu.br\/unidades\/lapa\/wp-json\/wp\/v2\/posts\/15656\/revisions\/15658"}],"wp:attachment":[{"href":"https:\/\/www.ifbaiano.edu.br\/unidades\/lapa\/wp-json\/wp\/v2\/media?parent=15656"}],"wp:term":[{"taxonomy":"category","embeddable":true,"href":"https:\/\/www.ifbaiano.edu.br\/unidades\/lapa\/wp-json\/wp\/v2\/categories?post=15656"},{"taxonomy":"post_tag","embeddable":true,"href":"https:\/\/www.ifbaiano.edu.br\/unidades\/lapa\/wp-json\/wp\/v2\/tags?post=15656"}],"curies":[{"name":"wp","href":"https:\/\/api.w.org\/{rel}","templated":true}]}}