{"id":15692,"date":"2020-03-13T19:44:58","date_gmt":"2020-03-13T22:44:58","guid":{"rendered":"https:\/\/www.ifbaiano.edu.br\/unidades\/lapa\/?p=15692"},"modified":"2020-03-13T19:51:25","modified_gmt":"2020-03-13T22:51:25","slug":"suspensao-das-atividades","status":"publish","type":"post","link":"https:\/\/www.ifbaiano.edu.br\/unidades\/lapa\/2020\/03\/13\/suspensao-das-atividades\/","title":{"rendered":"Suspens\u00e3o das atividades"},"content":{"rendered":"\n<figure class=\"wp-block-image size-large\"><img decoding=\"async\" loading=\"lazy\" width=\"760\" height=\"533\" src=\"https:\/\/www.ifbaiano.edu.br\/unidades\/lapa\/files\/2020\/03\/WhatsApp-Image-2020-03-13-at-17.33.43.jpeg\" alt=\"\" class=\"wp-image-15694\" \/><figcaption>Nota Informativa<\/figcaption><\/figure>\n\n\n\n<p>O IF Baiano, atento \u00e0 declara\u00e7\u00e3o da Organiza\u00e7\u00e3o Mundial de Sa\u00fade (OMS) acerca da pandemia causada pelo COVID-19 (novo Coronav\u00edrus) e \u00e0s recomenda\u00e7\u00f5es do Minist\u00e9rio da Sa\u00fade e Minist\u00e9rio da Educa\u00e7\u00e3o, decide pela imediata estrutura\u00e7\u00e3o de Comit\u00eas de Acompanhamento da Amea\u00e7a do Coronav\u00edrus e ado\u00e7\u00e3o de medidas protetivas no Instituto.<\/p>\n\n\n\n<p>Para reduzir a possibilidade de contamina\u00e7\u00e3o enquanto os Comit\u00eas analisam e definem as medidas iniciais, o IF Baiano suspender\u00e1 as atividades  nos&nbsp;Campi&nbsp;e Reitoria, preservando servi\u00e7os essenciais, de 14 a 20 de mar\u00e7o.<\/p>\n\n\n\n<p>Veja todas as informa\u00e7\u00f5es em ifbaiano.edu.br.<\/p>\n\n\n\n<div class=\"wp-block-file\"><a href=\"https:\/\/www.ifbaiano.edu.br\/unidades\/lapa\/files\/2020\/03\/Instru\u00e7\u00f5es-Normativas-19_2020-RET-GAB_RET_IFBAIANO.pdf\" target=\"_blank\" rel=\"noopener noreferrer\">Instru\u00e7\u00f5es Normativas 19\/2020-RET-GAB\/RET\/IFBAIANO<\/a><\/div>\n","protected":false},"excerpt":{"rendered":"<p>O IF Baiano, atento \u00e0 declara\u00e7\u00e3o da Organiza\u00e7\u00e3o Mundial de Sa\u00fade (OMS) acerca da pandemia causada pelo COVID-19 (novo Coronav\u00edrus) e \u00e0s recomenda\u00e7\u00f5es do Minist\u00e9rio da Sa\u00fade e Minist\u00e9rio da Educa\u00e7\u00e3o, decide pela imediata estrutura\u00e7\u00e3o de Comit\u00eas de Acompanhamento da Amea\u00e7a do Coronav\u00edrus e ado\u00e7\u00e3o de medidas protetivas no Instituto. Para reduzir a possibilidade de [&hellip;]<\/p>\n","protected":false},"author":100,"featured_media":15694,"comment_status":"open","ping_status":"open","sticky":false,"template":"","format":"standard","meta":[],"categories":[64,39,26,30,24,65],"tags":[],"_links":{"self":[{"href":"https:\/\/www.ifbaiano.edu.br\/unidades\/lapa\/wp-json\/wp\/v2\/posts\/15692"}],"collection":[{"href":"https:\/\/www.ifbaiano.edu.br\/unidades\/lapa\/wp-json\/wp\/v2\/posts"}],"about":[{"href":"https:\/\/www.ifbaiano.edu.br\/unidades\/lapa\/wp-json\/wp\/v2\/types\/post"}],"author":[{"embeddable":true,"href":"https:\/\/www.ifbaiano.edu.br\/unidades\/lapa\/wp-json\/wp\/v2\/users\/100"}],"replies":[{"embeddable":true,"href":"https:\/\/www.ifbaiano.edu.br\/unidades\/lapa\/wp-json\/wp\/v2\/comments?post=15692"}],"version-history":[{"count":3,"href":"https:\/\/www.ifbaiano.edu.br\/unidades\/lapa\/wp-json\/wp\/v2\/posts\/15692\/revisions"}],"predecessor-version":[{"id":15697,"href":"https:\/\/www.ifbaiano.edu.br\/unidades\/lapa\/wp-json\/wp\/v2\/posts\/15692\/revisions\/15697"}],"wp:featuredmedia":[{"embeddable":true,"href":"https:\/\/www.ifbaiano.edu.br\/unidades\/lapa\/wp-json\/wp\/v2\/media\/15694"}],"wp:attachment":[{"href":"https:\/\/www.ifbaiano.edu.br\/unidades\/lapa\/wp-json\/wp\/v2\/media?parent=15692"}],"wp:term":[{"taxonomy":"category","embeddable":true,"href":"https:\/\/www.ifbaiano.edu.br\/unidades\/lapa\/wp-json\/wp\/v2\/categories?post=15692"},{"taxonomy":"post_tag","embeddable":true,"href":"https:\/\/www.ifbaiano.edu.br\/unidades\/lapa\/wp-json\/wp\/v2\/tags?post=15692"}],"curies":[{"name":"wp","href":"https:\/\/api.w.org\/{rel}","templated":true}]}}