{"id":157,"date":"2011-08-05T00:31:05","date_gmt":"2011-08-05T00:31:05","guid":{"rendered":"http:\/\/www.ifbaiano.edu.br\/unidades\/lapa\/?p=157"},"modified":"2011-08-05T00:31:05","modified_gmt":"2011-08-05T00:31:05","slug":"inicio-do-ii-semestre-do-campus-bom-jesus-da-lapa","status":"publish","type":"post","link":"https:\/\/www.ifbaiano.edu.br\/unidades\/lapa\/2011\/08\/05\/inicio-do-ii-semestre-do-campus-bom-jesus-da-lapa\/","title":{"rendered":"In\u00edcio do II Semestre do Campus Bom Jesus da Lapa"},"content":{"rendered":"<p align=\"JUSTIFY\">Na \u00faltima segunda-feira (25\/07\/2011) iniciaram-se as atividades letivas do II semestre de 2011 do\u00a0<em>Campus\u00a0<\/em>Bom Jesus da Lapa. Ao som de Aquarela do Brasil \u2013 Ari Barroso e Me d\u00ea motivos \u2013 Tim Maia, entre outros cl\u00e1ssicos da M\u00fasica Popular Brasileira, os educandos e servidores do\u00a0<em>Campus\u00a0<\/em>foram agraciados pela Filarm\u00f4nica Euterpe Lapense, regida pelo Maestro Tiago Costa com uma execu\u00e7\u00e3o de uma hora de boa m\u00fasica.<\/p>\n\n\t\t<style type=\"text\/css\">\n\t\t\t#gallery-1 {\n\t\t\t\tmargin: auto;\n\t\t\t}\n\t\t\t#gallery-1 .gallery-item {\n\t\t\t\tfloat: left;\n\t\t\t\tmargin-top: 10px;\n\t\t\t\ttext-align: center;\n\t\t\t\twidth: 50%;\n\t\t\t}\n\t\t\t#gallery-1 img {\n\t\t\t\tborder: 2px solid #cfcfcf;\n\t\t\t}\n\t\t\t#gallery-1 .gallery-caption {\n\t\t\t\tmargin-left: 0;\n\t\t\t}\n\t\t\t\/* see gallery_shortcode() in wp-includes\/media.php *\/\n\t\t<\/style>\n\t\t<div id='gallery-1' class='gallery galleryid-157 gallery-columns-2 gallery-size-thumbnail'><dl class='gallery-item'>\n\t\t\t<dt class='gallery-icon landscape'>\n\t\t\t\t<a href='https:\/\/www.ifbaiano.edu.br\/unidades\/lapa\/2011\/08\/05\/inicio-do-ii-semestre-do-campus-bom-jesus-da-lapa\/attachment\/1\/'><img width=\"150\" height=\"150\" src=\"https:\/\/www.ifbaiano.edu.br\/unidades\/lapa\/files\/2011\/08\/1-150x150.jpg\" class=\"attachment-thumbnail size-thumbnail\" alt=\"\" decoding=\"async\" loading=\"lazy\" \/><\/a>\n\t\t\t<\/dt><\/dl><dl class='gallery-item'>\n\t\t\t<dt class='gallery-icon landscape'>\n\t\t\t\t<a href='https:\/\/www.ifbaiano.edu.br\/unidades\/lapa\/2011\/08\/05\/inicio-do-ii-semestre-do-campus-bom-jesus-da-lapa\/2011-07-25_10-31-00_997\/'><img width=\"150\" height=\"150\" src=\"https:\/\/www.ifbaiano.edu.br\/unidades\/lapa\/files\/2011\/08\/2011-07-25_10-31-00_997-150x150.jpg\" class=\"attachment-thumbnail size-thumbnail\" alt=\"\" decoding=\"async\" loading=\"lazy\" \/><\/a>\n\t\t\t<\/dt><\/dl><br style=\"clear: both\" \/>\n\t\t<\/div>\n\n<p align=\"JUSTIFY\">Com apresenta\u00e7\u00e3o nos tr\u00eas turnos, a abertura do semestre contou com a presen\u00e7a maci\u00e7a do educandos e tamb\u00e9m com o Diretor Geral \u2013 Professor Ariomar Rodrigues dos Santos e do Diretor de Desenvolvimento Educacional \u2013 Professor Est\u00e1cio Moreira da Silva, os quais ressaltaram a import\u00e2ncia de se valorizar a arte nas escolas com o intuito de se oferecer um ensino pautado no desenvolvimento e valoriza\u00e7\u00e3o da cultura local.<\/p>\n","protected":false},"excerpt":{"rendered":"<p>Na \u00faltima segunda-feira (25\/07\/2011) iniciaram-se as atividades letivas do II semestre de 2011 do\u00a0Campus\u00a0Bom Jesus da Lapa. Ao som de Aquarela do Brasil \u2013 Ari Barroso e Me d\u00ea motivos \u2013 Tim Maia, entre outros cl\u00e1ssicos da M\u00fasica Popular Brasileira, os educandos e servidores do\u00a0Campus\u00a0foram agraciados pela Filarm\u00f4nica Euterpe Lapense, regida pelo Maestro Tiago Costa [&hellip;]<\/p>\n","protected":false},"author":23,"featured_media":0,"comment_status":"open","ping_status":"open","sticky":false,"template":"","format":"standard","meta":[],"categories":[1],"tags":[],"_links":{"self":[{"href":"https:\/\/www.ifbaiano.edu.br\/unidades\/lapa\/wp-json\/wp\/v2\/posts\/157"}],"collection":[{"href":"https:\/\/www.ifbaiano.edu.br\/unidades\/lapa\/wp-json\/wp\/v2\/posts"}],"about":[{"href":"https:\/\/www.ifbaiano.edu.br\/unidades\/lapa\/wp-json\/wp\/v2\/types\/post"}],"author":[{"embeddable":true,"href":"https:\/\/www.ifbaiano.edu.br\/unidades\/lapa\/wp-json\/wp\/v2\/users\/23"}],"replies":[{"embeddable":true,"href":"https:\/\/www.ifbaiano.edu.br\/unidades\/lapa\/wp-json\/wp\/v2\/comments?post=157"}],"version-history":[{"count":4,"href":"https:\/\/www.ifbaiano.edu.br\/unidades\/lapa\/wp-json\/wp\/v2\/posts\/157\/revisions"}],"predecessor-version":[{"id":165,"href":"https:\/\/www.ifbaiano.edu.br\/unidades\/lapa\/wp-json\/wp\/v2\/posts\/157\/revisions\/165"}],"wp:attachment":[{"href":"https:\/\/www.ifbaiano.edu.br\/unidades\/lapa\/wp-json\/wp\/v2\/media?parent=157"}],"wp:term":[{"taxonomy":"category","embeddable":true,"href":"https:\/\/www.ifbaiano.edu.br\/unidades\/lapa\/wp-json\/wp\/v2\/categories?post=157"},{"taxonomy":"post_tag","embeddable":true,"href":"https:\/\/www.ifbaiano.edu.br\/unidades\/lapa\/wp-json\/wp\/v2\/tags?post=157"}],"curies":[{"name":"wp","href":"https:\/\/api.w.org\/{rel}","templated":true}]}}