{"id":1572,"date":"2013-12-03T20:18:54","date_gmt":"2013-12-03T22:18:54","guid":{"rendered":"http:\/\/www.ifbaiano.edu.br\/unidades\/lapa\/?p=1572"},"modified":"2013-12-03T20:25:41","modified_gmt":"2013-12-03T22:25:41","slug":"edital-de-retificacao-do-cronograma-do-edital-062013-atividades-de-canto-coral-e-iniciacao-musical","status":"publish","type":"post","link":"https:\/\/www.ifbaiano.edu.br\/unidades\/lapa\/2013\/12\/03\/edital-de-retificacao-do-cronograma-do-edital-062013-atividades-de-canto-coral-e-iniciacao-musical\/","title":{"rendered":"Retifica\u00e7\u00e3o do Edital de Cronograma das Atividades de Canto Coral e Inicia\u00e7\u00e3o Musical"},"content":{"rendered":"<p>Cliquem aqui e acessem o documento!<!--more--><\/p>\n<p>Acessem <a href=\"http:\/\/www.ifbaiano.edu.br\/unidades\/lapa\/files\/2013\/12\/Retificacao.pdf\" target=\"_blank\">aqui<\/a>\u00a0a retifica\u00e7\u00e3o do \u00a0Edital!<\/p>\n<p>Fonte: Professor Vasni<\/p>\n","protected":false},"excerpt":{"rendered":"<p>Cliquem aqui e acessem o documento!<\/p>\n","protected":false},"author":41,"featured_media":0,"comment_status":"open","ping_status":"open","sticky":false,"template":"","format":"standard","meta":[],"categories":[40],"tags":[],"_links":{"self":[{"href":"https:\/\/www.ifbaiano.edu.br\/unidades\/lapa\/wp-json\/wp\/v2\/posts\/1572"}],"collection":[{"href":"https:\/\/www.ifbaiano.edu.br\/unidades\/lapa\/wp-json\/wp\/v2\/posts"}],"about":[{"href":"https:\/\/www.ifbaiano.edu.br\/unidades\/lapa\/wp-json\/wp\/v2\/types\/post"}],"author":[{"embeddable":true,"href":"https:\/\/www.ifbaiano.edu.br\/unidades\/lapa\/wp-json\/wp\/v2\/users\/41"}],"replies":[{"embeddable":true,"href":"https:\/\/www.ifbaiano.edu.br\/unidades\/lapa\/wp-json\/wp\/v2\/comments?post=1572"}],"version-history":[{"count":5,"href":"https:\/\/www.ifbaiano.edu.br\/unidades\/lapa\/wp-json\/wp\/v2\/posts\/1572\/revisions"}],"predecessor-version":[{"id":1580,"href":"https:\/\/www.ifbaiano.edu.br\/unidades\/lapa\/wp-json\/wp\/v2\/posts\/1572\/revisions\/1580"}],"wp:attachment":[{"href":"https:\/\/www.ifbaiano.edu.br\/unidades\/lapa\/wp-json\/wp\/v2\/media?parent=1572"}],"wp:term":[{"taxonomy":"category","embeddable":true,"href":"https:\/\/www.ifbaiano.edu.br\/unidades\/lapa\/wp-json\/wp\/v2\/categories?post=1572"},{"taxonomy":"post_tag","embeddable":true,"href":"https:\/\/www.ifbaiano.edu.br\/unidades\/lapa\/wp-json\/wp\/v2\/tags?post=1572"}],"curies":[{"name":"wp","href":"https:\/\/api.w.org\/{rel}","templated":true}]}}