{"id":15720,"date":"2020-03-30T12:04:58","date_gmt":"2020-03-30T15:04:58","guid":{"rendered":"https:\/\/www.ifbaiano.edu.br\/unidades\/lapa\/?p=15720"},"modified":"2020-03-30T12:12:45","modified_gmt":"2020-03-30T15:12:45","slug":"devolucao-de-livros-da-biblioteca","status":"publish","type":"post","link":"https:\/\/www.ifbaiano.edu.br\/unidades\/lapa\/2020\/03\/30\/devolucao-de-livros-da-biblioteca\/","title":{"rendered":"Devolu\u00e7\u00e3o de livros da Biblioteca"},"content":{"rendered":"\n<p>Em virtude da IN IF Baiano n\u00b0 19, de 13 de mar\u00e7o de 2020, modificada pela IN IF Baiano n\u00ba 20, de 19 de mar\u00e7o de 2020, que estabelecem orienta\u00e7\u00f5es \u00e0s unidades do IF Baiano, quanto \u00e0s medidas de prote\u00e7\u00e3o para o enfrentamento da emerg\u00eancia de sa\u00fade p\u00fablica de import\u00e2ncia internacional, decorrente do coronav\u00edrus (COVID-19) e Oficio Circular 13\/2020 BJL GAB\/BJL \u2013DG\/RET\/IFBAIANO, que define orienta\u00e7\u00f5es e medidas adotadas pelo C\u00e2mpus Bom Jesus da Lapa para preven\u00e7\u00e3o e prote\u00e7\u00e3o da comunidade acad\u00eamica e p\u00fablico externo durante a pandemia do Coronav\u00edrus (COVID-19), informamos que os prazos de devolu\u00e7\u00e3o dos livros pertencentes ao acervo da biblioteca est\u00e3o temporariamente suspensos. As obras que forem solicitadas at\u00e9 o t\u00e9rmino do prazo de empr\u00e9stimo poder\u00e3o ser renovadas pelo usu\u00e1rio atrav\u00e9s do sistema Pergamum Web. Ao usu\u00e1rio em d\u00e9bito, dentro do per\u00edodo de suspens\u00e3o das atividades em decorr\u00eancia do novo Coronav\u00edrus (COVID19), o sistema de gerenciamento n\u00e3o contabilizar\u00e1 como pend\u00eancia para eventuais suspens\u00f5es e multas, n\u00e3o isentando o usu\u00e1rio da apresenta\u00e7\u00e3o do item patrimonial ao t\u00e9rmino da suspens\u00e3o das atividades.<\/p>\n\n\n\n<p class=\"has-text-align-right\">Bom Jesus da Lapa-Ba, 30 de mar\u00e7o de 2020.<\/p>\n","protected":false},"excerpt":{"rendered":"<p>Em virtude da IN IF Baiano n\u00b0 19, de 13 de mar\u00e7o de 2020, modificada pela IN IF Baiano n\u00ba 20, de 19 de mar\u00e7o de 2020, que estabelecem orienta\u00e7\u00f5es \u00e0s unidades do IF Baiano, quanto \u00e0s medidas de prote\u00e7\u00e3o para o enfrentamento da emerg\u00eancia de sa\u00fade p\u00fablica de import\u00e2ncia internacional, decorrente do coronav\u00edrus (COVID-19) [&hellip;]<\/p>\n","protected":false},"author":100,"featured_media":15726,"comment_status":"open","ping_status":"open","sticky":false,"template":"","format":"standard","meta":[],"categories":[41,64,39,30,24,65],"tags":[],"_links":{"self":[{"href":"https:\/\/www.ifbaiano.edu.br\/unidades\/lapa\/wp-json\/wp\/v2\/posts\/15720"}],"collection":[{"href":"https:\/\/www.ifbaiano.edu.br\/unidades\/lapa\/wp-json\/wp\/v2\/posts"}],"about":[{"href":"https:\/\/www.ifbaiano.edu.br\/unidades\/lapa\/wp-json\/wp\/v2\/types\/post"}],"author":[{"embeddable":true,"href":"https:\/\/www.ifbaiano.edu.br\/unidades\/lapa\/wp-json\/wp\/v2\/users\/100"}],"replies":[{"embeddable":true,"href":"https:\/\/www.ifbaiano.edu.br\/unidades\/lapa\/wp-json\/wp\/v2\/comments?post=15720"}],"version-history":[{"count":3,"href":"https:\/\/www.ifbaiano.edu.br\/unidades\/lapa\/wp-json\/wp\/v2\/posts\/15720\/revisions"}],"predecessor-version":[{"id":15727,"href":"https:\/\/www.ifbaiano.edu.br\/unidades\/lapa\/wp-json\/wp\/v2\/posts\/15720\/revisions\/15727"}],"wp:featuredmedia":[{"embeddable":true,"href":"https:\/\/www.ifbaiano.edu.br\/unidades\/lapa\/wp-json\/wp\/v2\/media\/15726"}],"wp:attachment":[{"href":"https:\/\/www.ifbaiano.edu.br\/unidades\/lapa\/wp-json\/wp\/v2\/media?parent=15720"}],"wp:term":[{"taxonomy":"category","embeddable":true,"href":"https:\/\/www.ifbaiano.edu.br\/unidades\/lapa\/wp-json\/wp\/v2\/categories?post=15720"},{"taxonomy":"post_tag","embeddable":true,"href":"https:\/\/www.ifbaiano.edu.br\/unidades\/lapa\/wp-json\/wp\/v2\/tags?post=15720"}],"curies":[{"name":"wp","href":"https:\/\/api.w.org\/{rel}","templated":true}]}}