{"id":15742,"date":"2020-04-20T13:11:49","date_gmt":"2020-04-20T16:11:49","guid":{"rendered":"https:\/\/www.ifbaiano.edu.br\/unidades\/lapa\/?p=15742"},"modified":"2020-04-20T13:11:49","modified_gmt":"2020-04-20T16:11:49","slug":"participacao-de-membros-do-gt-no-combate-ao-covid-19-do-campus","status":"publish","type":"post","link":"https:\/\/www.ifbaiano.edu.br\/unidades\/lapa\/2020\/04\/20\/participacao-de-membros-do-gt-no-combate-ao-covid-19-do-campus\/","title":{"rendered":"Participa\u00e7\u00e3o de membros do GT no combate ao COVID-19 do campus"},"content":{"rendered":"\n<p>Participa\u00e7\u00e3o de membros do GT no combate ao COVID-19 do campus no projeto &#8220;O local reflete no global: Instituto Federal como vetor de a\u00e7\u00e3o e responsabilidade social contra a crise de sa\u00fade p\u00fablica da COVID-19&#8221;.<\/p>\n\n\n\n<p>Em parceria com a coordena\u00e7\u00e3o de extens\u00e3o, membros do GT participar\u00e3o de lives informativas acerca de alguns temas relacionados \u00e0 pandemia, juntamente com momentos culturais e tamb\u00e9m ter\u00e1 uma vaquinha financeira virtual para arrecada\u00e7\u00e3o de cestas b\u00e1sicas para a comunidade e a confec\u00e7\u00e3o de 2 mil m\u00e1scaras.<\/p>\n\n\n\n<figure class=\"wp-block-image size-large\"><img decoding=\"async\" loading=\"lazy\" width=\"1080\" height=\"1080\" src=\"https:\/\/www.ifbaiano.edu.br\/unidades\/lapa\/files\/2020\/04\/Lives.jpeg\" alt=\"Lives\" class=\"wp-image-15743\" \/><\/figure>\n","protected":false},"excerpt":{"rendered":"<p>Participa\u00e7\u00e3o de membros do GT no combate ao COVID-19 do campus no projeto &#8220;O local reflete no global: Instituto Federal como vetor de a\u00e7\u00e3o e responsabilidade social contra a crise de sa\u00fade p\u00fablica da COVID-19&#8221;. Em parceria com a coordena\u00e7\u00e3o de extens\u00e3o, membros do GT participar\u00e3o de lives informativas acerca de alguns temas relacionados \u00e0 [&hellip;]<\/p>\n","protected":false},"author":100,"featured_media":15743,"comment_status":"open","ping_status":"open","sticky":false,"template":"","format":"standard","meta":[],"categories":[64,39,30,24,65],"tags":[],"_links":{"self":[{"href":"https:\/\/www.ifbaiano.edu.br\/unidades\/lapa\/wp-json\/wp\/v2\/posts\/15742"}],"collection":[{"href":"https:\/\/www.ifbaiano.edu.br\/unidades\/lapa\/wp-json\/wp\/v2\/posts"}],"about":[{"href":"https:\/\/www.ifbaiano.edu.br\/unidades\/lapa\/wp-json\/wp\/v2\/types\/post"}],"author":[{"embeddable":true,"href":"https:\/\/www.ifbaiano.edu.br\/unidades\/lapa\/wp-json\/wp\/v2\/users\/100"}],"replies":[{"embeddable":true,"href":"https:\/\/www.ifbaiano.edu.br\/unidades\/lapa\/wp-json\/wp\/v2\/comments?post=15742"}],"version-history":[{"count":2,"href":"https:\/\/www.ifbaiano.edu.br\/unidades\/lapa\/wp-json\/wp\/v2\/posts\/15742\/revisions"}],"predecessor-version":[{"id":15745,"href":"https:\/\/www.ifbaiano.edu.br\/unidades\/lapa\/wp-json\/wp\/v2\/posts\/15742\/revisions\/15745"}],"wp:featuredmedia":[{"embeddable":true,"href":"https:\/\/www.ifbaiano.edu.br\/unidades\/lapa\/wp-json\/wp\/v2\/media\/15743"}],"wp:attachment":[{"href":"https:\/\/www.ifbaiano.edu.br\/unidades\/lapa\/wp-json\/wp\/v2\/media?parent=15742"}],"wp:term":[{"taxonomy":"category","embeddable":true,"href":"https:\/\/www.ifbaiano.edu.br\/unidades\/lapa\/wp-json\/wp\/v2\/categories?post=15742"},{"taxonomy":"post_tag","embeddable":true,"href":"https:\/\/www.ifbaiano.edu.br\/unidades\/lapa\/wp-json\/wp\/v2\/tags?post=15742"}],"curies":[{"name":"wp","href":"https:\/\/api.w.org\/{rel}","templated":true}]}}